{"id":3998,"date":"2012-02-04T14:10:14","date_gmt":"2012-02-04T13:10:14","guid":{"rendered":"http:\/\/mileon.wordpress.com\/?p=3998"},"modified":"2012-02-04T14:10:14","modified_gmt":"2012-02-04T13:10:14","slug":"presentacion-de-la-unidad-de-enfermedades-autoinmunes-y-sistemicas","status":"publish","type":"post","link":"https:\/\/www.icscyl.com\/mileon\/noticias\/2012-02-04\/presentacion-de-la-unidad-de-enfermedades-autoinmunes-y-sistemicas\/","title":{"rendered":"Presentaci\u00f3n de la Unidad de Enfermedades Autoinmunes y Sist\u00e9micas"},"content":{"rendered":"<p><a href=\"https:\/\/mileon.files.wordpress.com\/2012\/02\/logo-sacyl-gr.gif\"><img loading=\"lazy\" decoding=\"async\" class=\"alignright size-full wp-image-4000\" title=\"logo-sacyl-gr\" src=\"https:\/\/mileon.files.wordpress.com\/2012\/02\/logo-sacyl-gr.gif\" alt=\"\" width=\"127\" height=\"125\" \/><\/a>El pasado mi\u00e9rcoles se present\u00f3 oficialmente en la Gerencia de Atenci\u00f3n Primaria de Le\u00f3n la Unidad de Enfermedades Autoinmunes y Sist\u00e9micas de nuestro servicio de forma oficial, tanto para m\u00e9dicos rurales como urbanos. Los criterios y protocolo de derivaci\u00f3n se adjuntan en el\u00a0<a href=\"https:\/\/mileon.files.wordpress.com\/2012\/02\/presentacic3b3n-ueas.ppt\">siguiente enlace.<\/a>\u00a0Asimismo, tambi\u00e9n se coment\u00f3 que en fechas pr\u00f3ximas iniciar\u00e1 su andadura la consulta de alta resoluci\u00f3n de nuestro servicio.<\/p>\n","protected":false},"excerpt":{"rendered":"<p>El pasado mi\u00e9rcoles se present\u00f3 oficialmente en la Gerencia de Atenci\u00f3n Primaria de Le\u00f3n la Unidad de Enfermedades Autoinmunes y Sist\u00e9micas de nuestro servicio de forma oficial, tanto para m\u00e9dicos rurales como urbanos. Los criterios y protocolo de derivaci\u00f3n se adjuntan en el\u00a0siguiente enlace.\u00a0Asimismo, tambi\u00e9n se coment\u00f3 que en fechas pr\u00f3ximas iniciar\u00e1 su andadura la [&hellip;]<\/p>\n","protected":false},"author":4,"featured_media":0,"comment_status":"open","ping_status":"open","sticky":false,"template":"","format":"standard","meta":{"jetpack_post_was_ever_published":false,"_jetpack_newsletter_access":"","_jetpack_dont_email_post_to_subs":false,"_jetpack_newsletter_tier_id":0,"_jetpack_memberships_contains_paywalled_content":false,"_jetpack_memberships_contains_paid_content":false,"footnotes":"","jetpack_publicize_message":"","jetpack_publicize_feature_enabled":true,"jetpack_social_post_already_shared":false,"jetpack_social_options":{"image_generator_settings":{"template":"highway","default_image_id":0,"font":"","enabled":false},"version":2}},"categories":[717],"tags":[],"class_list":["post-3998","post","type-post","status-publish","format-standard","hentry","category-noticias"],"jetpack_publicize_connections":[],"jetpack_featured_media_url":"","jetpack_sharing_enabled":true,"post_mailing_queue_ids":[],"_links":{"self":[{"href":"https:\/\/www.icscyl.com\/mileon\/wp-json\/wp\/v2\/posts\/3998","targetHints":{"allow":["GET"]}}],"collection":[{"href":"https:\/\/www.icscyl.com\/mileon\/wp-json\/wp\/v2\/posts"}],"about":[{"href":"https:\/\/www.icscyl.com\/mileon\/wp-json\/wp\/v2\/types\/post"}],"author":[{"embeddable":true,"href":"https:\/\/www.icscyl.com\/mileon\/wp-json\/wp\/v2\/users\/4"}],"replies":[{"embeddable":true,"href":"https:\/\/www.icscyl.com\/mileon\/wp-json\/wp\/v2\/comments?post=3998"}],"version-history":[{"count":0,"href":"https:\/\/www.icscyl.com\/mileon\/wp-json\/wp\/v2\/posts\/3998\/revisions"}],"wp:attachment":[{"href":"https:\/\/www.icscyl.com\/mileon\/wp-json\/wp\/v2\/media?parent=3998"}],"wp:term":[{"taxonomy":"category","embeddable":true,"href":"https:\/\/www.icscyl.com\/mileon\/wp-json\/wp\/v2\/categories?post=3998"},{"taxonomy":"post_tag","embeddable":true,"href":"https:\/\/www.icscyl.com\/mileon\/wp-json\/wp\/v2\/tags?post=3998"}],"curies":[{"name":"wp","href":"https:\/\/api.w.org\/{rel}","templated":true}]}}