{"id":3991,"date":"2012-02-02T21:41:22","date_gmt":"2012-02-02T20:41:22","guid":{"rendered":"http:\/\/mileon.wordpress.com\/?p=3991"},"modified":"2012-02-02T21:41:22","modified_gmt":"2012-02-02T20:41:22","slug":"solucion-caso-clinico-del-1-de-febrero-de-2012-fiebre-mediterranea-familiar","status":"publish","type":"post","link":"https:\/\/www.icscyl.com\/mileon\/sesiones-clinicas\/2012-02-02\/solucion-caso-clinico-del-1-de-febrero-de-2012-fiebre-mediterranea-familiar\/","title":{"rendered":"Soluci\u00f3n caso cl\u00ednico del 1 de febrero de 2012: Fiebre Mediterr\u00e1nea Familiar."},"content":{"rendered":"<p style=\"text-align:justify;\"><a href=\"https:\/\/mileon.files.wordpress.com\/2012\/02\/imagen.jpg\"><img loading=\"lazy\" decoding=\"async\" class=\"alignright size-thumbnail wp-image-3992\" title=\"Imagen\" src=\"https:\/\/mileon.files.wordpress.com\/2012\/02\/imagen.jpg?w=102\" alt=\"\" width=\"102\" height=\"150\" \/><\/a>Recordamos el caso de una mujer de 26 a\u00f1os con episodios repetidos de dolor abdominal y fiebre. La Dra. Sara Raposo Garc\u00eda (R5MI) llevo a cabo el diagn\u00f3stico diferencial. Descargar la presentaci\u00f3n <a href=\"https:\/\/mileon.files.wordpress.com\/2012\/02\/dra-raposo-sescli-feb12.pdf\">aqu\u00ed<\/a>.<br \/>\nFue el Dr. Antonio Arce Mainzhausen (adjunto MI) quien se encargo de aportar luz sobre el caso con estricto rigor cronol\u00f3gico de los echos. La apendicitis no lo fue, la peritonitis se etiqueto de una EPI al igual que el ingreso que se considera en el caso. Posteriormente tuvo otro ingreso de similares caracter\u00edsticas. Al final se diagn\u00f3stica de una FMF y se pauta tratamiento con colchicina con lo que permanece asintom\u00e1tica estos \u00faltimos 4 a\u00f1os, el estudio gen\u00e9tico fue negativo. El Dr. Arce repas\u00f3 algunos aspectos importantes sobre la enfermedad que se pueden ver <a href=\"https:\/\/mileon.files.wordpress.com\/2012\/02\/dr-arce-sescli-feb12.pdf\">aqu\u00ed<\/a>.<\/p>\n","protected":false},"excerpt":{"rendered":"<p>Recordamos el caso de una mujer de 26 a\u00f1os con episodios repetidos de dolor abdominal y fiebre. La Dra. Sara Raposo Garc\u00eda (R5MI) llevo a cabo el diagn\u00f3stico diferencial. Descargar la presentaci\u00f3n aqu\u00ed. Fue el Dr. Antonio Arce Mainzhausen (adjunto MI) quien se encargo de aportar luz sobre el caso con estricto rigor cronol\u00f3gico de [&hellip;]<\/p>\n","protected":false},"author":6,"featured_media":0,"comment_status":"open","ping_status":"open","sticky":false,"template":"","format":"standard","meta":{"jetpack_post_was_ever_published":false,"_jetpack_newsletter_access":"","_jetpack_dont_email_post_to_subs":false,"_jetpack_newsletter_tier_id":0,"_jetpack_memberships_contains_paywalled_content":false,"_jetpack_memberships_contains_paid_content":false,"footnotes":"","jetpack_publicize_message":"","jetpack_publicize_feature_enabled":true,"jetpack_social_post_already_shared":false,"jetpack_social_options":{"image_generator_settings":{"template":"highway","default_image_id":0,"font":"","enabled":false},"version":2}},"categories":[723],"tags":[],"class_list":["post-3991","post","type-post","status-publish","format-standard","hentry","category-sesiones-clinicas"],"jetpack_publicize_connections":[],"jetpack_featured_media_url":"","jetpack_sharing_enabled":true,"post_mailing_queue_ids":[],"_links":{"self":[{"href":"https:\/\/www.icscyl.com\/mileon\/wp-json\/wp\/v2\/posts\/3991","targetHints":{"allow":["GET"]}}],"collection":[{"href":"https:\/\/www.icscyl.com\/mileon\/wp-json\/wp\/v2\/posts"}],"about":[{"href":"https:\/\/www.icscyl.com\/mileon\/wp-json\/wp\/v2\/types\/post"}],"author":[{"embeddable":true,"href":"https:\/\/www.icscyl.com\/mileon\/wp-json\/wp\/v2\/users\/6"}],"replies":[{"embeddable":true,"href":"https:\/\/www.icscyl.com\/mileon\/wp-json\/wp\/v2\/comments?post=3991"}],"version-history":[{"count":0,"href":"https:\/\/www.icscyl.com\/mileon\/wp-json\/wp\/v2\/posts\/3991\/revisions"}],"wp:attachment":[{"href":"https:\/\/www.icscyl.com\/mileon\/wp-json\/wp\/v2\/media?parent=3991"}],"wp:term":[{"taxonomy":"category","embeddable":true,"href":"https:\/\/www.icscyl.com\/mileon\/wp-json\/wp\/v2\/categories?post=3991"},{"taxonomy":"post_tag","embeddable":true,"href":"https:\/\/www.icscyl.com\/mileon\/wp-json\/wp\/v2\/tags?post=3991"}],"curies":[{"name":"wp","href":"https:\/\/api.w.org\/{rel}","templated":true}]}}