{"id":3459,"date":"2011-10-23T13:24:06","date_gmt":"2011-10-23T12:24:06","guid":{"rendered":"http:\/\/mileon.wordpress.com\/?p=3459"},"modified":"2011-10-23T13:24:06","modified_gmt":"2011-10-23T12:24:06","slug":"resolucion-sesion-clinico-radiologica-metastasis-osea-2%c2%aa-a-adenocarcinoma-rectal","status":"publish","type":"post","link":"https:\/\/www.icscyl.com\/mileon\/sesiones-clinico-rx\/2011-10-23\/resolucion-sesion-clinico-radiologica-metastasis-osea-2%c2%aa-a-adenocarcinoma-rectal\/","title":{"rendered":"Resoluci\u00f3n sesi\u00f3n cl\u00ednico-radiol\u00f3gica: met\u00e1stasis \u00f3sea 2\u00aa a adenocarcinoma rectal"},"content":{"rendered":"<p><a href=\"https:\/\/mileon.files.wordpress.com\/2011\/10\/diffusemetspelvis.jpg\"><img loading=\"lazy\" decoding=\"async\" class=\"alignright size-medium wp-image-3463\" title=\"DiffuseMetsPelvis\" src=\"https:\/\/mileon.files.wordpress.com\/2011\/10\/diffusemetspelvis.jpg?w=300\" alt=\"\" width=\"180\" height=\"118\" \/><\/a>La sesi\u00f3n cl\u00ednico-radiol\u00f3gica de este mes, se adelant\u00f3 al mi\u00e9rcoles 19 de Agosto, por las dificultades de organizaci\u00f3n para el \u00faltimo fin de semana del mes al coincidir con el congreso nacional de medicina interna. El caso correspond\u00eda a un paciente con una lesi\u00f3n l\u00edtica de gran tama\u00f1o con rectorragias asociadas. El diagn\u00f3stico diferencial desde el punto de vista radiol\u00f3gico (<a href=\"https:\/\/mileon.files.wordpress.com\/2011\/10\/dr-fuentes-sesclinrx-oct11.pdf\">descargar aqu\u00ed<\/a>)\u00a0fue presentado por el Dr. Fuentes, residente de Radiolog\u00eda, mientras que desde el punto de vista cl\u00ednico la presentaci\u00f3n corri\u00f3 a cargo de la Dra. L\u00f3pez Veloso (<a href=\"https:\/\/mileon.files.wordpress.com\/2011\/10\/dra-lopez-veloso-sesclinrx-oct11.pdf\">descargar aqu\u00ed<\/a>), R5 de nuestro servicio.<\/p>\n<p>El diagn\u00f3stico definitivo fue de adenocarcinoma rectal con met\u00e1stasis \u00f3sea secundaria. La Dra. Casta\u00f1on, adjunta del servicio de Oncolog\u00eda, coment\u00f3 su evoluci\u00f3n final en la siguiente presentaci\u00f3n (<a href=\"https:\/\/mileon.files.wordpress.com\/2011\/10\/dra-castac3b1on-sesclinrx-oct11.pdf\">click aqu\u00ed para descargar<\/a>).<\/p>\n","protected":false},"excerpt":{"rendered":"<p>La sesi\u00f3n cl\u00ednico-radiol\u00f3gica de este mes, se adelant\u00f3 al mi\u00e9rcoles 19 de Agosto, por las dificultades de organizaci\u00f3n para el \u00faltimo fin de semana del mes al coincidir con el congreso nacional de medicina interna. El caso correspond\u00eda a un paciente con una lesi\u00f3n l\u00edtica de gran tama\u00f1o con rectorragias asociadas. El diagn\u00f3stico diferencial desde [&hellip;]<\/p>\n","protected":false},"author":4,"featured_media":0,"comment_status":"open","ping_status":"open","sticky":false,"template":"","format":"standard","meta":{"jetpack_post_was_ever_published":false,"_jetpack_newsletter_access":"","_jetpack_dont_email_post_to_subs":false,"_jetpack_newsletter_tier_id":0,"_jetpack_memberships_contains_paywalled_content":false,"_jetpack_memberships_contains_paid_content":false,"footnotes":"","jetpack_publicize_message":"","jetpack_publicize_feature_enabled":true,"jetpack_social_post_already_shared":false,"jetpack_social_options":{"image_generator_settings":{"template":"highway","default_image_id":0,"font":"","enabled":false},"version":2}},"categories":[724],"tags":[796,850],"class_list":["post-3459","post","type-post","status-publish","format-standard","hentry","category-sesiones-clinico-rx","tag-castanon","tag-fuentes"],"jetpack_publicize_connections":[],"jetpack_featured_media_url":"","jetpack_sharing_enabled":true,"post_mailing_queue_ids":[],"_links":{"self":[{"href":"https:\/\/www.icscyl.com\/mileon\/wp-json\/wp\/v2\/posts\/3459","targetHints":{"allow":["GET"]}}],"collection":[{"href":"https:\/\/www.icscyl.com\/mileon\/wp-json\/wp\/v2\/posts"}],"about":[{"href":"https:\/\/www.icscyl.com\/mileon\/wp-json\/wp\/v2\/types\/post"}],"author":[{"embeddable":true,"href":"https:\/\/www.icscyl.com\/mileon\/wp-json\/wp\/v2\/users\/4"}],"replies":[{"embeddable":true,"href":"https:\/\/www.icscyl.com\/mileon\/wp-json\/wp\/v2\/comments?post=3459"}],"version-history":[{"count":0,"href":"https:\/\/www.icscyl.com\/mileon\/wp-json\/wp\/v2\/posts\/3459\/revisions"}],"wp:attachment":[{"href":"https:\/\/www.icscyl.com\/mileon\/wp-json\/wp\/v2\/media?parent=3459"}],"wp:term":[{"taxonomy":"category","embeddable":true,"href":"https:\/\/www.icscyl.com\/mileon\/wp-json\/wp\/v2\/categories?post=3459"},{"taxonomy":"post_tag","embeddable":true,"href":"https:\/\/www.icscyl.com\/mileon\/wp-json\/wp\/v2\/tags?post=3459"}],"curies":[{"name":"wp","href":"https:\/\/api.w.org\/{rel}","templated":true}]}}