{"id":3299,"date":"2011-09-19T19:17:02","date_gmt":"2011-09-19T18:17:02","guid":{"rendered":"http:\/\/mileon.wordpress.com\/?p=3299"},"modified":"2011-09-19T19:17:02","modified_gmt":"2011-09-19T18:17:02","slug":"sesiones-de-maitines-en-periodo-de-vacaciones","status":"publish","type":"post","link":"https:\/\/www.icscyl.com\/mileon\/maitines\/2011-09-19\/sesiones-de-maitines-en-periodo-de-vacaciones\/","title":{"rendered":"Sesiones de Maitines en periodo de vacaciones"},"content":{"rendered":"<p><a href=\"https:\/\/mileon.files.wordpress.com\/2011\/09\/vacaciones.jpg\"><img loading=\"lazy\" decoding=\"async\" class=\"alignright size-medium wp-image-3300\" title=\"vacaciones\" src=\"https:\/\/mileon.files.wordpress.com\/2011\/09\/vacaciones.jpg?w=300\" alt=\"\" width=\"180\" height=\"119\" \/><\/a>Poniendo al d\u00eda las entradas de las Sesiones de Maitines presentadas durante la 2\u00aa quincena de Agosto-2011, incluyo dos sesiones que no puedo comentar porque estaba de vacaciones. La primera, a cargo del Dr. Jorge Pertierra, residente de UCI, se centra en el SEMI, Servicio Extendido de Medicina Intensiva, sistema de gesti\u00f3n de cuidados intensivos dirigido a la detecci\u00f3n precoz del enfermo fuera de la UCI y a su seguridad durante su estancia en UCI <a href=\"https:\/\/mileon.files.wordpress.com\/2011\/09\/semi-sesic3b3n-maitines-300811-2.pdf\">descargar aqu\u00ed<\/a>. La segunda sesi\u00f3n, la comenta el propio autor: \u00abDesde hace m\u00e1s de un a\u00f1o la revista New England ha publicado varios art\u00edculos revisando las alteraciones gen\u00e9ticas como causa de enfermedad y su utilidad en el diagn\u00f3stico y en el tratamiento. El Dr. Santiago Fern\u00e1ndez resumi\u00f3 4 de esos art\u00edculos y utiliz\u00f3 los gr\u00e1ficos interactivos que les acompa\u00f1an, para intentar explicar los mecanismos, las ventajas de la secuenciaci\u00f3n del genoma y las nuevas dianas terap\u00e9uticas en este campo todav\u00eda novedoso <a href=\"https:\/\/mileon.files.wordpress.com\/2011\/09\/medicina-genc3b3mica-maitines.pdf\">descargar aqu\u00ed<\/a>.<\/p>\n","protected":false},"excerpt":{"rendered":"<p>Poniendo al d\u00eda las entradas de las Sesiones de Maitines presentadas durante la 2\u00aa quincena de Agosto-2011, incluyo dos sesiones que no puedo comentar porque estaba de vacaciones. La primera, a cargo del Dr. Jorge Pertierra, residente de UCI, se centra en el SEMI, Servicio Extendido de Medicina Intensiva, sistema de gesti\u00f3n de cuidados intensivos [&hellip;]<\/p>\n","protected":false},"author":5,"featured_media":0,"comment_status":"open","ping_status":"open","sticky":false,"template":"","format":"standard","meta":{"jetpack_post_was_ever_published":false,"_jetpack_newsletter_access":"","_jetpack_dont_email_post_to_subs":false,"_jetpack_newsletter_tier_id":0,"_jetpack_memberships_contains_paywalled_content":false,"_jetpack_memberships_contains_paid_content":false,"footnotes":"","jetpack_publicize_message":"","jetpack_publicize_feature_enabled":true,"jetpack_social_post_already_shared":false,"jetpack_social_options":{"image_generator_settings":{"template":"highway","default_image_id":0,"font":"","enabled":false},"version":2}},"categories":[715],"tags":[979],"class_list":["post-3299","post","type-post","status-publish","format-standard","hentry","category-maitines","tag-pertierra"],"jetpack_publicize_connections":[],"jetpack_featured_media_url":"","jetpack_sharing_enabled":true,"post_mailing_queue_ids":[],"_links":{"self":[{"href":"https:\/\/www.icscyl.com\/mileon\/wp-json\/wp\/v2\/posts\/3299","targetHints":{"allow":["GET"]}}],"collection":[{"href":"https:\/\/www.icscyl.com\/mileon\/wp-json\/wp\/v2\/posts"}],"about":[{"href":"https:\/\/www.icscyl.com\/mileon\/wp-json\/wp\/v2\/types\/post"}],"author":[{"embeddable":true,"href":"https:\/\/www.icscyl.com\/mileon\/wp-json\/wp\/v2\/users\/5"}],"replies":[{"embeddable":true,"href":"https:\/\/www.icscyl.com\/mileon\/wp-json\/wp\/v2\/comments?post=3299"}],"version-history":[{"count":0,"href":"https:\/\/www.icscyl.com\/mileon\/wp-json\/wp\/v2\/posts\/3299\/revisions"}],"wp:attachment":[{"href":"https:\/\/www.icscyl.com\/mileon\/wp-json\/wp\/v2\/media?parent=3299"}],"wp:term":[{"taxonomy":"category","embeddable":true,"href":"https:\/\/www.icscyl.com\/mileon\/wp-json\/wp\/v2\/categories?post=3299"},{"taxonomy":"post_tag","embeddable":true,"href":"https:\/\/www.icscyl.com\/mileon\/wp-json\/wp\/v2\/tags?post=3299"}],"curies":[{"name":"wp","href":"https:\/\/api.w.org\/{rel}","templated":true}]}}