{"id":3288,"date":"2011-09-14T11:34:42","date_gmt":"2011-09-14T10:34:42","guid":{"rendered":"http:\/\/mileon.wordpress.com\/?p=3288"},"modified":"2011-09-14T11:34:42","modified_gmt":"2011-09-14T10:34:42","slug":"diagnostico-de-la-hepatitis-cronica","status":"publish","type":"post","link":"https:\/\/www.icscyl.com\/mileon\/residentes\/2011-09-14\/diagnostico-de-la-hepatitis-cronica\/","title":{"rendered":"Diagn\u00f3stico de la hepatitis cr\u00f3nica"},"content":{"rendered":"<p><a href=\"https:\/\/mileon.files.wordpress.com\/2011\/09\/hepatitisnp2.jpg\"><img loading=\"lazy\" decoding=\"async\" class=\"alignright size-medium wp-image-3290\" title=\"hepatitisNP2\" src=\"https:\/\/mileon.files.wordpress.com\/2011\/09\/hepatitisnp2.jpg?w=300\" alt=\"\" width=\"180\" height=\"131\" \/><\/a>La Dra. Rodr\u00edguez Mart\u00edn realiz\u00f3 un breve repaso sobre el diagn\u00f3stico de la hepatitis cr\u00f3nica, el pasado jueves 8 de Septiembre. Se centr\u00f3 en algunas de las m\u00e1s frecuentes etiolog\u00edas, como las hepatitis v\u00edricas, f\u00e1rmacos y la hemocromatosis. Hasta pr\u00f3ximo calendario y a falta de planificar la actividad de residentes, estas sesiones de los jueves en el Monte San Isidro, quedan paradas; en cuanto se reincidan colgaremos el calendario correspondiente.<\/p>\n<p>Para descargar su presentaci\u00f3n haced\u00a0<a href=\"https:\/\/mileon.files.wordpress.com\/2011\/09\/dra-rodrc3adguez-martin-sesmsi-sep11.pdf\">click aqu\u00ed.<\/a><\/p>\n","protected":false},"excerpt":{"rendered":"<p>La Dra. Rodr\u00edguez Mart\u00edn realiz\u00f3 un breve repaso sobre el diagn\u00f3stico de la hepatitis cr\u00f3nica, el pasado jueves 8 de Septiembre. Se centr\u00f3 en algunas de las m\u00e1s frecuentes etiolog\u00edas, como las hepatitis v\u00edricas, f\u00e1rmacos y la hemocromatosis. Hasta pr\u00f3ximo calendario y a falta de planificar la actividad de residentes, estas sesiones de los jueves [&hellip;]<\/p>\n","protected":false},"author":4,"featured_media":0,"comment_status":"open","ping_status":"open","sticky":false,"template":"","format":"standard","meta":{"jetpack_post_was_ever_published":false,"_jetpack_newsletter_access":"","_jetpack_dont_email_post_to_subs":false,"_jetpack_newsletter_tier_id":0,"_jetpack_memberships_contains_paywalled_content":false,"_jetpack_memberships_contains_paid_content":false,"footnotes":"","jetpack_publicize_message":"","jetpack_publicize_feature_enabled":true,"jetpack_social_post_already_shared":false,"jetpack_social_options":{"image_generator_settings":{"template":"highway","default_image_id":0,"font":"","enabled":false},"version":2}},"categories":[721],"tags":[1002],"class_list":["post-3288","post","type-post","status-publish","format-standard","hentry","category-residentes","tag-rodriguez-martin"],"jetpack_publicize_connections":[],"jetpack_featured_media_url":"","jetpack_sharing_enabled":true,"post_mailing_queue_ids":[],"_links":{"self":[{"href":"https:\/\/www.icscyl.com\/mileon\/wp-json\/wp\/v2\/posts\/3288","targetHints":{"allow":["GET"]}}],"collection":[{"href":"https:\/\/www.icscyl.com\/mileon\/wp-json\/wp\/v2\/posts"}],"about":[{"href":"https:\/\/www.icscyl.com\/mileon\/wp-json\/wp\/v2\/types\/post"}],"author":[{"embeddable":true,"href":"https:\/\/www.icscyl.com\/mileon\/wp-json\/wp\/v2\/users\/4"}],"replies":[{"embeddable":true,"href":"https:\/\/www.icscyl.com\/mileon\/wp-json\/wp\/v2\/comments?post=3288"}],"version-history":[{"count":0,"href":"https:\/\/www.icscyl.com\/mileon\/wp-json\/wp\/v2\/posts\/3288\/revisions"}],"wp:attachment":[{"href":"https:\/\/www.icscyl.com\/mileon\/wp-json\/wp\/v2\/media?parent=3288"}],"wp:term":[{"taxonomy":"category","embeddable":true,"href":"https:\/\/www.icscyl.com\/mileon\/wp-json\/wp\/v2\/categories?post=3288"},{"taxonomy":"post_tag","embeddable":true,"href":"https:\/\/www.icscyl.com\/mileon\/wp-json\/wp\/v2\/tags?post=3288"}],"curies":[{"name":"wp","href":"https:\/\/api.w.org\/{rel}","templated":true}]}}