{"id":3229,"date":"2011-09-06T15:50:25","date_gmt":"2011-09-06T14:50:25","guid":{"rendered":"http:\/\/mileon.wordpress.com\/?p=3229"},"modified":"2011-09-06T15:50:25","modified_gmt":"2011-09-06T14:50:25","slug":"sesion-clinica-del-24-de-agosto-de-2011-enfermedad-de-hodgkin","status":"publish","type":"post","link":"https:\/\/www.icscyl.com\/mileon\/sesiones-clinicas\/2011-09-06\/sesion-clinica-del-24-de-agosto-de-2011-enfermedad-de-hodgkin\/","title":{"rendered":"Sesi\u00f3n cl\u00ednica del 24 de agosto de 2011: Enfermedad de Hodgkin."},"content":{"rendered":"<p style=\"text-align:justify;\"><a href=\"https:\/\/mileon.files.wordpress.com\/2011\/09\/images1.jpg\"><img loading=\"lazy\" decoding=\"async\" class=\"alignright size-thumbnail wp-image-3230\" title=\"images\" src=\"https:\/\/mileon.files.wordpress.com\/2011\/09\/images1.jpg?w=150\" alt=\"\" width=\"150\" height=\"54\" \/><\/a>La Dra. Elena Magaz Garc\u00eda (R3 MI) llevo a cabo el diagn\u00f3stico diferencial (<a href=\"https:\/\/mileon.files.wordpress.com\/2011\/09\/dra-magaz-sescli-ago11.pdf\">descargar<\/a>) del caso, trata de un var\u00f3n de 14 a\u00f1os con adenopat\u00edas cervicales bilaterales desde hace dos meses, de peque\u00f1o tama\u00f1o y precedidas de un proceso faringeo.<br \/>\nEl diagn\u00f3stico lo aporta la Dra. M\u00aa Rosario de Castro Losa (adjunta MI). Para ver resultados y aspectos de la enfermedad descargar <a href=\"https:\/\/mileon.files.wordpress.com\/2011\/09\/dra-castro-sescli-ago11.pdf\">aqu\u00ed<\/a>. El diagn\u00f3stico es de enfermedad de Hodgkin tipo predominio linfocitico nodular.<\/p>\n","protected":false},"excerpt":{"rendered":"<p>La Dra. Elena Magaz Garc\u00eda (R3 MI) llevo a cabo el diagn\u00f3stico diferencial (descargar) del caso, trata de un var\u00f3n de 14 a\u00f1os con adenopat\u00edas cervicales bilaterales desde hace dos meses, de peque\u00f1o tama\u00f1o y precedidas de un proceso faringeo. El diagn\u00f3stico lo aporta la Dra. M\u00aa Rosario de Castro Losa (adjunta MI). Para ver [&hellip;]<\/p>\n","protected":false},"author":6,"featured_media":0,"comment_status":"open","ping_status":"open","sticky":false,"template":"","format":"standard","meta":{"jetpack_post_was_ever_published":false,"_jetpack_newsletter_access":"","_jetpack_dont_email_post_to_subs":false,"_jetpack_newsletter_tier_id":0,"_jetpack_memberships_contains_paywalled_content":false,"_jetpack_memberships_contains_paid_content":false,"footnotes":"","jetpack_publicize_message":"","jetpack_publicize_feature_enabled":true,"jetpack_social_post_already_shared":false,"jetpack_social_options":{"image_generator_settings":{"template":"highway","default_image_id":0,"font":"","enabled":false},"version":2}},"categories":[723],"tags":[],"class_list":["post-3229","post","type-post","status-publish","format-standard","hentry","category-sesiones-clinicas"],"jetpack_publicize_connections":[],"jetpack_featured_media_url":"","jetpack_sharing_enabled":true,"post_mailing_queue_ids":[],"_links":{"self":[{"href":"https:\/\/www.icscyl.com\/mileon\/wp-json\/wp\/v2\/posts\/3229","targetHints":{"allow":["GET"]}}],"collection":[{"href":"https:\/\/www.icscyl.com\/mileon\/wp-json\/wp\/v2\/posts"}],"about":[{"href":"https:\/\/www.icscyl.com\/mileon\/wp-json\/wp\/v2\/types\/post"}],"author":[{"embeddable":true,"href":"https:\/\/www.icscyl.com\/mileon\/wp-json\/wp\/v2\/users\/6"}],"replies":[{"embeddable":true,"href":"https:\/\/www.icscyl.com\/mileon\/wp-json\/wp\/v2\/comments?post=3229"}],"version-history":[{"count":0,"href":"https:\/\/www.icscyl.com\/mileon\/wp-json\/wp\/v2\/posts\/3229\/revisions"}],"wp:attachment":[{"href":"https:\/\/www.icscyl.com\/mileon\/wp-json\/wp\/v2\/media?parent=3229"}],"wp:term":[{"taxonomy":"category","embeddable":true,"href":"https:\/\/www.icscyl.com\/mileon\/wp-json\/wp\/v2\/categories?post=3229"},{"taxonomy":"post_tag","embeddable":true,"href":"https:\/\/www.icscyl.com\/mileon\/wp-json\/wp\/v2\/tags?post=3229"}],"curies":[{"name":"wp","href":"https:\/\/api.w.org\/{rel}","templated":true}]}}