{"id":3178,"date":"2011-09-01T15:41:36","date_gmt":"2011-09-01T14:41:36","guid":{"rendered":"http:\/\/mileon.wordpress.com\/?p=3178"},"modified":"2011-09-01T15:41:36","modified_gmt":"2011-09-01T14:41:36","slug":"insuficiencia-hepatica-aguda","status":"publish","type":"post","link":"https:\/\/www.icscyl.com\/mileon\/residentes\/2011-09-01\/insuficiencia-hepatica-aguda\/","title":{"rendered":"Insuficiencia hep\u00e1tica aguda"},"content":{"rendered":"<p><a href=\"https:\/\/mileon.files.wordpress.com\/2011\/09\/higado.jpg\"><img loading=\"lazy\" decoding=\"async\" class=\"alignright size-medium wp-image-3180\" title=\"higado\" src=\"https:\/\/mileon.files.wordpress.com\/2011\/09\/higado.jpg?w=300\" alt=\"\" width=\"180\" height=\"118\" \/><\/a>La sesi\u00f3n bibliogr\u00e1fica del Monte San Isidro del pasado martes corri\u00f3 a cargo del Dr. Valdivia, R1 de UCI, que revis\u00f3 la insuficiencia hep\u00e1tica aguda, su etiolog\u00eda, manejo y novedades terape\u00faticas. Su presentaci\u00f3n la pod\u00e9is descargar haciendo\u00a0<a href=\"https:\/\/mileon.files.wordpress.com\/2011\/09\/dr-valdivia-sesmsi-ago11.pdf\">click aqu\u00ed.<\/a><\/p>\n","protected":false},"excerpt":{"rendered":"<p>La sesi\u00f3n bibliogr\u00e1fica del Monte San Isidro del pasado martes corri\u00f3 a cargo del Dr. Valdivia, R1 de UCI, que revis\u00f3 la insuficiencia hep\u00e1tica aguda, su etiolog\u00eda, manejo y novedades terape\u00faticas. Su presentaci\u00f3n la pod\u00e9is descargar haciendo\u00a0click aqu\u00ed.<\/p>\n","protected":false},"author":4,"featured_media":0,"comment_status":"open","ping_status":"open","sticky":false,"template":"","format":"standard","meta":{"jetpack_post_was_ever_published":false,"_jetpack_newsletter_access":"","_jetpack_dont_email_post_to_subs":false,"_jetpack_newsletter_tier_id":0,"_jetpack_memberships_contains_paywalled_content":false,"_jetpack_memberships_contains_paid_content":false,"footnotes":"","jetpack_publicize_message":"","jetpack_publicize_feature_enabled":true,"jetpack_social_post_already_shared":false,"jetpack_social_options":{"image_generator_settings":{"template":"highway","default_image_id":0,"font":"","enabled":false},"version":2}},"categories":[721],"tags":[1045],"class_list":["post-3178","post","type-post","status-publish","format-standard","hentry","category-residentes","tag-valdivia"],"jetpack_publicize_connections":[],"jetpack_featured_media_url":"","jetpack_sharing_enabled":true,"post_mailing_queue_ids":[],"_links":{"self":[{"href":"https:\/\/www.icscyl.com\/mileon\/wp-json\/wp\/v2\/posts\/3178","targetHints":{"allow":["GET"]}}],"collection":[{"href":"https:\/\/www.icscyl.com\/mileon\/wp-json\/wp\/v2\/posts"}],"about":[{"href":"https:\/\/www.icscyl.com\/mileon\/wp-json\/wp\/v2\/types\/post"}],"author":[{"embeddable":true,"href":"https:\/\/www.icscyl.com\/mileon\/wp-json\/wp\/v2\/users\/4"}],"replies":[{"embeddable":true,"href":"https:\/\/www.icscyl.com\/mileon\/wp-json\/wp\/v2\/comments?post=3178"}],"version-history":[{"count":0,"href":"https:\/\/www.icscyl.com\/mileon\/wp-json\/wp\/v2\/posts\/3178\/revisions"}],"wp:attachment":[{"href":"https:\/\/www.icscyl.com\/mileon\/wp-json\/wp\/v2\/media?parent=3178"}],"wp:term":[{"taxonomy":"category","embeddable":true,"href":"https:\/\/www.icscyl.com\/mileon\/wp-json\/wp\/v2\/categories?post=3178"},{"taxonomy":"post_tag","embeddable":true,"href":"https:\/\/www.icscyl.com\/mileon\/wp-json\/wp\/v2\/tags?post=3178"}],"curies":[{"name":"wp","href":"https:\/\/api.w.org\/{rel}","templated":true}]}}