{"id":3140,"date":"2011-08-23T20:48:19","date_gmt":"2011-08-23T19:48:19","guid":{"rendered":"http:\/\/mileon.wordpress.com\/?p=3140"},"modified":"2011-08-23T20:48:19","modified_gmt":"2011-08-23T19:48:19","slug":"sesion-bibliografica-brote-de-e-coli-o104h4","status":"publish","type":"post","link":"https:\/\/www.icscyl.com\/mileon\/sesiones-bibliograficas\/2011-08-23\/sesion-bibliografica-brote-de-e-coli-o104h4\/","title":{"rendered":"Sesi\u00f3n bibliogr\u00e1fica: brote de E coli O104:H4"},"content":{"rendered":"<p><a href=\"https:\/\/mileon.files.wordpress.com\/2011\/08\/imagen13.jpg\"><img loading=\"lazy\" decoding=\"async\" class=\"alignright size-full wp-image-3143\" title=\"Imagen1\" src=\"https:\/\/mileon.files.wordpress.com\/2011\/08\/imagen13.jpg\" alt=\"\" width=\"150\" height=\"150\" \/><\/a>En un intermedio de las vacaciones (lo siento por los que est\u00e1is al frente de la nave) aprovecho para ir poniendo al d\u00eda las Sesiones pasadas. La Bibliogr\u00e1fica del 12 de Agosto <a href=\"https:\/\/mileon.files.wordpress.com\/2011\/08\/e-coli-o104-h4-12-08-2011.pdf\">descargar aqu\u00ed<\/a> sirvi\u00f3 para revisar un tema actual, aunque tan din\u00e1mico que cuando lo presentamos el Instituto Robert Koch de Berl\u00edn ya hab\u00eda declarado el fin del brote con fecha 27 de Julio. Se revisan los aspectos microbiol\u00f3gicos de <em>E coli<\/em>, las caracter\u00edsticas de las cepas que provocan los diferentes cuadros digestivos, el brote actual y las publicaciones m\u00e1s recientes.<\/p>\n","protected":false},"excerpt":{"rendered":"<p>En un intermedio de las vacaciones (lo siento por los que est\u00e1is al frente de la nave) aprovecho para ir poniendo al d\u00eda las Sesiones pasadas. La Bibliogr\u00e1fica del 12 de Agosto descargar aqu\u00ed sirvi\u00f3 para revisar un tema actual, aunque tan din\u00e1mico que cuando lo presentamos el Instituto Robert Koch de Berl\u00edn ya hab\u00eda [&hellip;]<\/p>\n","protected":false},"author":5,"featured_media":0,"comment_status":"open","ping_status":"open","sticky":false,"template":"","format":"standard","meta":{"jetpack_post_was_ever_published":false,"_jetpack_newsletter_access":"","_jetpack_dont_email_post_to_subs":false,"_jetpack_newsletter_tier_id":0,"_jetpack_memberships_contains_paywalled_content":false,"_jetpack_memberships_contains_paid_content":false,"footnotes":"","jetpack_publicize_message":"","jetpack_publicize_feature_enabled":true,"jetpack_social_post_already_shared":false,"jetpack_social_options":{"image_generator_settings":{"template":"highway","default_image_id":0,"font":"","enabled":false},"version":2}},"categories":[722],"tags":[861],"class_list":["post-3140","post","type-post","status-publish","format-standard","hentry","category-sesiones-bibliograficas","tag-guerra"],"jetpack_publicize_connections":[],"jetpack_featured_media_url":"","jetpack_sharing_enabled":true,"post_mailing_queue_ids":[],"_links":{"self":[{"href":"https:\/\/www.icscyl.com\/mileon\/wp-json\/wp\/v2\/posts\/3140","targetHints":{"allow":["GET"]}}],"collection":[{"href":"https:\/\/www.icscyl.com\/mileon\/wp-json\/wp\/v2\/posts"}],"about":[{"href":"https:\/\/www.icscyl.com\/mileon\/wp-json\/wp\/v2\/types\/post"}],"author":[{"embeddable":true,"href":"https:\/\/www.icscyl.com\/mileon\/wp-json\/wp\/v2\/users\/5"}],"replies":[{"embeddable":true,"href":"https:\/\/www.icscyl.com\/mileon\/wp-json\/wp\/v2\/comments?post=3140"}],"version-history":[{"count":0,"href":"https:\/\/www.icscyl.com\/mileon\/wp-json\/wp\/v2\/posts\/3140\/revisions"}],"wp:attachment":[{"href":"https:\/\/www.icscyl.com\/mileon\/wp-json\/wp\/v2\/media?parent=3140"}],"wp:term":[{"taxonomy":"category","embeddable":true,"href":"https:\/\/www.icscyl.com\/mileon\/wp-json\/wp\/v2\/categories?post=3140"},{"taxonomy":"post_tag","embeddable":true,"href":"https:\/\/www.icscyl.com\/mileon\/wp-json\/wp\/v2\/tags?post=3140"}],"curies":[{"name":"wp","href":"https:\/\/api.w.org\/{rel}","templated":true}]}}