{"id":3092,"date":"2011-08-08T19:41:07","date_gmt":"2011-08-08T18:41:07","guid":{"rendered":"http:\/\/mileon.wordpress.com\/?p=3092"},"modified":"2011-08-08T19:41:07","modified_gmt":"2011-08-08T18:41:07","slug":"fiebre","status":"publish","type":"post","link":"https:\/\/www.icscyl.com\/mileon\/sesiones-bibliograficas\/2011-08-08\/fiebre\/","title":{"rendered":"Fiebre."},"content":{"rendered":"<p style=\"text-align:justify;\"><a href=\"https:\/\/mileon.files.wordpress.com\/2011\/08\/images.jpg\"><img loading=\"lazy\" decoding=\"async\" class=\"alignright size-thumbnail wp-image-3093\" title=\"images\" src=\"https:\/\/mileon.files.wordpress.com\/2011\/08\/images.jpg?w=150\" alt=\"\" width=\"150\" height=\"112\" \/><\/a>Hoy d\u00eda 8 de agosto de 2011 el Dr. Jorge Valdivia Ruiz (R1 UCI) nos hablo de la valoraci\u00f3n de la fiebre. Empieza con la fisiopatolog\u00eda y su manejo teniendo en cuenta los signos de alarma, y acaba repasando la fiebre de origen oscuro. Presentaci\u00f3n de f\u00e1cil lectura sobre un problema muy frecuente como motivo de consulta e ingreso.<br \/>\nDescargar <a href=\"https:\/\/mileon.files.wordpress.com\/2011\/08\/dr-valdivia-sesbibl-ago11.pdf\">aqu\u00ed.<\/a><\/p>\n","protected":false},"excerpt":{"rendered":"<p>Hoy d\u00eda 8 de agosto de 2011 el Dr. Jorge Valdivia Ruiz (R1 UCI) nos hablo de la valoraci\u00f3n de la fiebre. Empieza con la fisiopatolog\u00eda y su manejo teniendo en cuenta los signos de alarma, y acaba repasando la fiebre de origen oscuro. Presentaci\u00f3n de f\u00e1cil lectura sobre un problema muy frecuente como motivo [&hellip;]<\/p>\n","protected":false},"author":6,"featured_media":0,"comment_status":"open","ping_status":"open","sticky":false,"template":"","format":"standard","meta":{"jetpack_post_was_ever_published":false,"_jetpack_newsletter_access":"","_jetpack_dont_email_post_to_subs":false,"_jetpack_newsletter_tier_id":0,"_jetpack_memberships_contains_paywalled_content":false,"_jetpack_memberships_contains_paid_content":false,"footnotes":"","jetpack_publicize_message":"","jetpack_publicize_feature_enabled":true,"jetpack_social_post_already_shared":false,"jetpack_social_options":{"image_generator_settings":{"template":"highway","default_image_id":0,"font":"","enabled":false},"version":2}},"categories":[722],"tags":[1045],"class_list":["post-3092","post","type-post","status-publish","format-standard","hentry","category-sesiones-bibliograficas","tag-valdivia"],"jetpack_publicize_connections":[],"jetpack_featured_media_url":"","jetpack_sharing_enabled":true,"post_mailing_queue_ids":[],"_links":{"self":[{"href":"https:\/\/www.icscyl.com\/mileon\/wp-json\/wp\/v2\/posts\/3092","targetHints":{"allow":["GET"]}}],"collection":[{"href":"https:\/\/www.icscyl.com\/mileon\/wp-json\/wp\/v2\/posts"}],"about":[{"href":"https:\/\/www.icscyl.com\/mileon\/wp-json\/wp\/v2\/types\/post"}],"author":[{"embeddable":true,"href":"https:\/\/www.icscyl.com\/mileon\/wp-json\/wp\/v2\/users\/6"}],"replies":[{"embeddable":true,"href":"https:\/\/www.icscyl.com\/mileon\/wp-json\/wp\/v2\/comments?post=3092"}],"version-history":[{"count":0,"href":"https:\/\/www.icscyl.com\/mileon\/wp-json\/wp\/v2\/posts\/3092\/revisions"}],"wp:attachment":[{"href":"https:\/\/www.icscyl.com\/mileon\/wp-json\/wp\/v2\/media?parent=3092"}],"wp:term":[{"taxonomy":"category","embeddable":true,"href":"https:\/\/www.icscyl.com\/mileon\/wp-json\/wp\/v2\/categories?post=3092"},{"taxonomy":"post_tag","embeddable":true,"href":"https:\/\/www.icscyl.com\/mileon\/wp-json\/wp\/v2\/tags?post=3092"}],"curies":[{"name":"wp","href":"https:\/\/api.w.org\/{rel}","templated":true}]}}