{"id":3079,"date":"2011-08-05T15:50:16","date_gmt":"2011-08-05T14:50:16","guid":{"rendered":"http:\/\/mileon.wordpress.com\/?p=3079"},"modified":"2011-08-05T15:50:16","modified_gmt":"2011-08-05T14:50:16","slug":"solucion-del-caso-clinico-del-3-de-agosto-de-2011-sifilis-secundaria","status":"publish","type":"post","link":"https:\/\/www.icscyl.com\/mileon\/sesiones-clinicas\/2011-08-05\/solucion-del-caso-clinico-del-3-de-agosto-de-2011-sifilis-secundaria\/","title":{"rendered":"Soluci\u00f3n del caso cl\u00ednico del 3 de agosto de 2011: S\u00edfilis secundaria."},"content":{"rendered":"<p style=\"text-align:justify;\"><a href=\"https:\/\/mileon.files.wordpress.com\/2011\/08\/imagen11.jpg\"><img loading=\"lazy\" decoding=\"async\" class=\"alignright size-thumbnail wp-image-3080\" title=\"Imagen1\" src=\"https:\/\/mileon.files.wordpress.com\/2011\/08\/imagen11.jpg?w=133\" alt=\"\" width=\"164\" height=\"186\" \/><\/a>La Dra. Paula Dios Di\u00e9z (R3 MI) hizo el diagn\u00f3stico diferencial de forma brillante (<a href=\"https:\/\/mileon.files.wordpress.com\/2011\/08\/dra-dios-sesclin-ago11.pdf\">aqu\u00ed<\/a>) del caso de un var\u00f3n de 31 a\u00f1os con fiebre desde hac\u00eda tres meses, cl\u00ednica respiratoria, aftas bucales, adenopat\u00edas cervicales y exantema cut\u00e1neo.<\/p>\n<p style=\"text-align:justify;\">El Dr. Jose Antonio Santos Calder\u00f3n (Jefe Secci\u00f3n MI) aporto el diagn\u00f3stico. Una s\u00edfilis secundaria en base a la positividad de los test serol\u00f3gicos. La evoluci\u00f3n fue buena tras instaurar tratamiento con penicilina G s\u00f3dica intravenosa.<br \/>\nLa mayor curiosidad del caso aparte de la fiebre tan prolongada es la afectaci\u00f3n pulmonar.<\/p>\n","protected":false},"excerpt":{"rendered":"<p>La Dra. Paula Dios Di\u00e9z (R3 MI) hizo el diagn\u00f3stico diferencial de forma brillante (aqu\u00ed) del caso de un var\u00f3n de 31 a\u00f1os con fiebre desde hac\u00eda tres meses, cl\u00ednica respiratoria, aftas bucales, adenopat\u00edas cervicales y exantema cut\u00e1neo. El Dr. Jose Antonio Santos Calder\u00f3n (Jefe Secci\u00f3n MI) aporto el diagn\u00f3stico. Una s\u00edfilis secundaria en base [&hellip;]<\/p>\n","protected":false},"author":6,"featured_media":0,"comment_status":"open","ping_status":"open","sticky":false,"template":"","format":"standard","meta":{"jetpack_post_was_ever_published":false,"_jetpack_newsletter_access":"","_jetpack_dont_email_post_to_subs":false,"_jetpack_newsletter_tier_id":0,"_jetpack_memberships_contains_paywalled_content":false,"_jetpack_memberships_contains_paid_content":false,"footnotes":"","jetpack_publicize_message":"","jetpack_publicize_feature_enabled":true,"jetpack_social_post_already_shared":false,"jetpack_social_options":{"image_generator_settings":{"template":"highway","default_image_id":0,"font":"","enabled":false},"version":2}},"categories":[723],"tags":[],"class_list":["post-3079","post","type-post","status-publish","format-standard","hentry","category-sesiones-clinicas"],"jetpack_publicize_connections":[],"jetpack_featured_media_url":"","jetpack_sharing_enabled":true,"post_mailing_queue_ids":[],"_links":{"self":[{"href":"https:\/\/www.icscyl.com\/mileon\/wp-json\/wp\/v2\/posts\/3079","targetHints":{"allow":["GET"]}}],"collection":[{"href":"https:\/\/www.icscyl.com\/mileon\/wp-json\/wp\/v2\/posts"}],"about":[{"href":"https:\/\/www.icscyl.com\/mileon\/wp-json\/wp\/v2\/types\/post"}],"author":[{"embeddable":true,"href":"https:\/\/www.icscyl.com\/mileon\/wp-json\/wp\/v2\/users\/6"}],"replies":[{"embeddable":true,"href":"https:\/\/www.icscyl.com\/mileon\/wp-json\/wp\/v2\/comments?post=3079"}],"version-history":[{"count":0,"href":"https:\/\/www.icscyl.com\/mileon\/wp-json\/wp\/v2\/posts\/3079\/revisions"}],"wp:attachment":[{"href":"https:\/\/www.icscyl.com\/mileon\/wp-json\/wp\/v2\/media?parent=3079"}],"wp:term":[{"taxonomy":"category","embeddable":true,"href":"https:\/\/www.icscyl.com\/mileon\/wp-json\/wp\/v2\/categories?post=3079"},{"taxonomy":"post_tag","embeddable":true,"href":"https:\/\/www.icscyl.com\/mileon\/wp-json\/wp\/v2\/tags?post=3079"}],"curies":[{"name":"wp","href":"https:\/\/api.w.org\/{rel}","templated":true}]}}