{"id":3035,"date":"2011-07-23T16:47:07","date_gmt":"2011-07-23T15:47:07","guid":{"rendered":"http:\/\/mileon.wordpress.com\/?p=3035"},"modified":"2011-07-23T16:47:07","modified_gmt":"2011-07-23T15:47:07","slug":"valoracion-nutricional-del-paciente-hospitalizado","status":"publish","type":"post","link":"https:\/\/www.icscyl.com\/mileon\/residentes\/2011-07-23\/valoracion-nutricional-del-paciente-hospitalizado\/","title":{"rendered":"Valoraci\u00f3n nutricional del paciente hospitalizado"},"content":{"rendered":"<p><a href=\"https:\/\/mileon.files.wordpress.com\/2011\/07\/endocrino-300x200.jpg\"><img loading=\"lazy\" decoding=\"async\" class=\"alignright size-full wp-image-3037\" title=\"endocrino-300x200\" src=\"https:\/\/mileon.files.wordpress.com\/2011\/07\/endocrino-300x200.jpg\" alt=\"\" width=\"180\" height=\"120\" \/><\/a>El pasado martes la Dra. Dalia \u00c1vila, R1 del servicio de Endocrinolog\u00eda, present\u00f3 en el Hospital Monte San Isidro, una revisi\u00f3n sobre la valoraci\u00f3n nutricional del paciente hospitalizado. Se comentaron algunas de las herramientas m\u00e1s utilizadas para el cribado nutricional del paciente ingresado, as\u00ed como las caracter\u00edsticas de los diferentes marcadores de valoraci\u00f3n nutricinal.\u00a0Para descargar su presentaci\u00f3n haced\u00a0<a href=\"https:\/\/mileon.files.wordpress.com\/2011\/07\/dra-avila-sesbibl-msi-jul11.pdf\">click aqu\u00ed.<\/a><\/p>\n","protected":false},"excerpt":{"rendered":"<p>El pasado martes la Dra. Dalia \u00c1vila, R1 del servicio de Endocrinolog\u00eda, present\u00f3 en el Hospital Monte San Isidro, una revisi\u00f3n sobre la valoraci\u00f3n nutricional del paciente hospitalizado. Se comentaron algunas de las herramientas m\u00e1s utilizadas para el cribado nutricional del paciente ingresado, as\u00ed como las caracter\u00edsticas de los diferentes marcadores de valoraci\u00f3n nutricinal.\u00a0Para descargar [&hellip;]<\/p>\n","protected":false},"author":4,"featured_media":0,"comment_status":"open","ping_status":"open","sticky":false,"template":"","format":"standard","meta":{"jetpack_post_was_ever_published":false,"_jetpack_newsletter_access":"","_jetpack_dont_email_post_to_subs":false,"_jetpack_newsletter_tier_id":0,"_jetpack_memberships_contains_paywalled_content":false,"_jetpack_memberships_contains_paid_content":false,"footnotes":"","jetpack_publicize_message":"","jetpack_publicize_feature_enabled":true,"jetpack_social_post_already_shared":false,"jetpack_social_options":{"image_generator_settings":{"template":"highway","default_image_id":0,"font":"","enabled":false},"version":2}},"categories":[721],"tags":[761],"class_list":["post-3035","post","type-post","status-publish","format-standard","hentry","category-residentes","tag-avila"],"jetpack_publicize_connections":[],"jetpack_featured_media_url":"","jetpack_sharing_enabled":true,"post_mailing_queue_ids":[],"_links":{"self":[{"href":"https:\/\/www.icscyl.com\/mileon\/wp-json\/wp\/v2\/posts\/3035","targetHints":{"allow":["GET"]}}],"collection":[{"href":"https:\/\/www.icscyl.com\/mileon\/wp-json\/wp\/v2\/posts"}],"about":[{"href":"https:\/\/www.icscyl.com\/mileon\/wp-json\/wp\/v2\/types\/post"}],"author":[{"embeddable":true,"href":"https:\/\/www.icscyl.com\/mileon\/wp-json\/wp\/v2\/users\/4"}],"replies":[{"embeddable":true,"href":"https:\/\/www.icscyl.com\/mileon\/wp-json\/wp\/v2\/comments?post=3035"}],"version-history":[{"count":0,"href":"https:\/\/www.icscyl.com\/mileon\/wp-json\/wp\/v2\/posts\/3035\/revisions"}],"wp:attachment":[{"href":"https:\/\/www.icscyl.com\/mileon\/wp-json\/wp\/v2\/media?parent=3035"}],"wp:term":[{"taxonomy":"category","embeddable":true,"href":"https:\/\/www.icscyl.com\/mileon\/wp-json\/wp\/v2\/categories?post=3035"},{"taxonomy":"post_tag","embeddable":true,"href":"https:\/\/www.icscyl.com\/mileon\/wp-json\/wp\/v2\/tags?post=3035"}],"curies":[{"name":"wp","href":"https:\/\/api.w.org\/{rel}","templated":true}]}}