{"id":26712,"date":"2025-07-01T09:17:00","date_gmt":"2025-07-01T07:17:00","guid":{"rendered":"https:\/\/www.icscyl.com\/mileon\/?p=26712"},"modified":"2025-06-29T20:19:58","modified_gmt":"2025-06-29T18:19:58","slug":"sesion-de-residentes-pleuropericarditis","status":"publish","type":"post","link":"https:\/\/www.icscyl.com\/mileon\/residentes\/2025-07-01\/sesion-de-residentes-pleuropericarditis\/","title":{"rendered":"Sesi\u00f3n de residentes: pleuropericarditis"},"content":{"rendered":"<div class=\"wp-block-image\">\n<figure class=\"alignright size-large is-resized\"><img loading=\"lazy\" decoding=\"async\" width=\"1024\" height=\"1024\" src=\"https:\/\/www.icscyl.com\/mileon\/wp-content\/uploads\/2025\/06\/online-medicine-flat-design-concept-illustration_198565-66-1024x1024.jpg\" alt=\"\" class=\"wp-image-26713\" style=\"width:172px;height:auto\" srcset=\"https:\/\/www.icscyl.com\/mileon\/wp-content\/uploads\/2025\/06\/online-medicine-flat-design-concept-illustration_198565-66-1024x1024.jpg 1024w, https:\/\/www.icscyl.com\/mileon\/wp-content\/uploads\/2025\/06\/online-medicine-flat-design-concept-illustration_198565-66-300x300.jpg 300w, https:\/\/www.icscyl.com\/mileon\/wp-content\/uploads\/2025\/06\/online-medicine-flat-design-concept-illustration_198565-66-150x150.jpg 150w, https:\/\/www.icscyl.com\/mileon\/wp-content\/uploads\/2025\/06\/online-medicine-flat-design-concept-illustration_198565-66-768x768.jpg 768w, https:\/\/www.icscyl.com\/mileon\/wp-content\/uploads\/2025\/06\/online-medicine-flat-design-concept-illustration_198565-66-1536x1536.jpg 1536w, https:\/\/www.icscyl.com\/mileon\/wp-content\/uploads\/2025\/06\/online-medicine-flat-design-concept-illustration_198565-66-624x624.jpg 624w, https:\/\/www.icscyl.com\/mileon\/wp-content\/uploads\/2025\/06\/online-medicine-flat-design-concept-illustration_198565-66.jpg 2000w\" sizes=\"auto, (max-width: 1024px) 100vw, 1024px\" \/><\/figure>\n<\/div>\n\n\n<p>En la sesi\u00f3n del 25 de junio de 2025, la Dra. Sara \u00c1lvarez (R2 de Medicina Interna) abord\u00f3 esta entidad desde una perspectiva pr\u00e1ctica, destacando las claves para realizar un diagn\u00f3stico diferencial sistem\u00e1tico y eficaz. En su presentaci\u00f3n, se revis\u00f3 el concepto de pleuropericarditis como inflamaci\u00f3n de ambas serosas, y se enfatiz\u00f3 que el derrame pleural es la manifestaci\u00f3n m\u00e1s habitual, aunque puede no estar presente inicialmente. Se repasaron los hallazgos t\u00edpicos en la exploraci\u00f3n y el papel de la toracocentesis diagn\u00f3stica y el an\u00e1lisis del l\u00edquido pleural, recordando los criterios de Light para diferenciar entre exudado y trasudado. Tambi\u00e9n se hizo especial hincapi\u00e9 en el abordaje de las causas exudativas, incluyendo infecciones (como la tuberculosis o las virales), enfermedades autoinmunes (LES, vasculitis ANCA, sarcoidosis), neoplasias y causas yatr\u00f3genas. El enlace para la descarga de la presentaci\u00f3n se encuentra disponible a continuaci\u00f3n.<\/p>\n\n\n\n<div class=\"wp-block-file\"><a id=\"wp-block-file--media-68534124-bb7f-4094-85ea-281d93be4035\" href=\"https:\/\/www.icscyl.com\/mileon\/wp-content\/uploads\/2025\/06\/Dra-Alvarez-sesres-Jun25-2.pdf\">Dra Alvarez sesres Jun25<\/a><a href=\"https:\/\/www.icscyl.com\/mileon\/wp-content\/uploads\/2025\/06\/Dra-Alvarez-sesres-Jun25-2.pdf\" class=\"wp-block-file__button wp-element-button\" download aria-describedby=\"wp-block-file--media-68534124-bb7f-4094-85ea-281d93be4035\">Descarga<\/a><\/div>\n","protected":false},"excerpt":{"rendered":"<p>En la sesi\u00f3n del 25 de junio de 2025, la Dra. Sara \u00c1lvarez (R2 de Medicina Interna) abord\u00f3 esta entidad desde una perspectiva pr\u00e1ctica, destacando las claves para realizar un diagn\u00f3stico diferencial sistem\u00e1tico y eficaz. En su presentaci\u00f3n, se revis\u00f3 el concepto de pleuropericarditis como inflamaci\u00f3n de ambas serosas, y se enfatiz\u00f3 que el derrame [&hellip;]<\/p>\n","protected":false},"author":4,"featured_media":0,"comment_status":"open","ping_status":"open","sticky":false,"template":"","format":"standard","meta":{"jetpack_post_was_ever_published":false,"_jetpack_newsletter_access":"","_jetpack_dont_email_post_to_subs":false,"_jetpack_newsletter_tier_id":0,"_jetpack_memberships_contains_paywalled_content":false,"_jetpack_memberships_contains_paid_content":false,"footnotes":"","jetpack_publicize_message":"","jetpack_publicize_feature_enabled":true,"jetpack_social_post_already_shared":true,"jetpack_social_options":{"image_generator_settings":{"template":"highway","default_image_id":0,"font":"","enabled":false},"version":2}},"categories":[721],"tags":[1170],"class_list":["post-26712","post","type-post","status-publish","format-standard","hentry","category-residentes","tag-cueto"],"jetpack_publicize_connections":[],"jetpack_featured_media_url":"","jetpack_sharing_enabled":true,"post_mailing_queue_ids":[],"_links":{"self":[{"href":"https:\/\/www.icscyl.com\/mileon\/wp-json\/wp\/v2\/posts\/26712","targetHints":{"allow":["GET"]}}],"collection":[{"href":"https:\/\/www.icscyl.com\/mileon\/wp-json\/wp\/v2\/posts"}],"about":[{"href":"https:\/\/www.icscyl.com\/mileon\/wp-json\/wp\/v2\/types\/post"}],"author":[{"embeddable":true,"href":"https:\/\/www.icscyl.com\/mileon\/wp-json\/wp\/v2\/users\/4"}],"replies":[{"embeddable":true,"href":"https:\/\/www.icscyl.com\/mileon\/wp-json\/wp\/v2\/comments?post=26712"}],"version-history":[{"count":1,"href":"https:\/\/www.icscyl.com\/mileon\/wp-json\/wp\/v2\/posts\/26712\/revisions"}],"predecessor-version":[{"id":26717,"href":"https:\/\/www.icscyl.com\/mileon\/wp-json\/wp\/v2\/posts\/26712\/revisions\/26717"}],"wp:attachment":[{"href":"https:\/\/www.icscyl.com\/mileon\/wp-json\/wp\/v2\/media?parent=26712"}],"wp:term":[{"taxonomy":"category","embeddable":true,"href":"https:\/\/www.icscyl.com\/mileon\/wp-json\/wp\/v2\/categories?post=26712"},{"taxonomy":"post_tag","embeddable":true,"href":"https:\/\/www.icscyl.com\/mileon\/wp-json\/wp\/v2\/tags?post=26712"}],"curies":[{"name":"wp","href":"https:\/\/api.w.org\/{rel}","templated":true}]}}