{"id":26395,"date":"2024-10-11T10:18:00","date_gmt":"2024-10-11T08:18:00","guid":{"rendered":"https:\/\/www.icscyl.com\/mileon\/?p=26395"},"modified":"2024-10-10T09:19:18","modified_gmt":"2024-10-10T07:19:18","slug":"sesion-de-residentes-helicobacter-pylori-2","status":"publish","type":"post","link":"https:\/\/www.icscyl.com\/mileon\/sin-categoria\/2024-10-11\/sesion-de-residentes-helicobacter-pylori-2\/","title":{"rendered":"Sesi\u00f3n de residentes: Helicobacter pylori"},"content":{"rendered":"<div class=\"wp-block-image\">\n<figure class=\"alignright size-full is-resized\"><img loading=\"lazy\" decoding=\"async\" width=\"640\" height=\"640\" src=\"https:\/\/www.icscyl.com\/mileon\/wp-content\/uploads\/2024\/10\/bacteria-1455818_640.png\" alt=\"\" class=\"wp-image-26397\" style=\"width:92px;height:auto\" srcset=\"https:\/\/www.icscyl.com\/mileon\/wp-content\/uploads\/2024\/10\/bacteria-1455818_640.png 640w, https:\/\/www.icscyl.com\/mileon\/wp-content\/uploads\/2024\/10\/bacteria-1455818_640-300x300.png 300w, https:\/\/www.icscyl.com\/mileon\/wp-content\/uploads\/2024\/10\/bacteria-1455818_640-150x150.png 150w, https:\/\/www.icscyl.com\/mileon\/wp-content\/uploads\/2024\/10\/bacteria-1455818_640-624x624.png 624w\" sizes=\"auto, (max-width: 640px) 100vw, 640px\" \/><\/figure>\n<\/div>\n\n\n<p>El pasado 23 de Septiembre la Dra. \u00c1lvarez Cueto (R1 de Medicina Interna) coment\u00f3 dentro de las sesiones de los lunes la infecci\u00f3n por H pylori, centr\u00e1ndose en su epidemiolog\u00eda, manifestaciones cl\u00ednicas y principalmente en las medidas de diagn\u00f3stico y tratamiento con las diferentes l\u00edneas de erradicaci\u00f3n. Como hace un a\u00f1o tambi\u00e9n tocamos el tema en este blog, podr\u00edamos considerarla complementaria de aquella impartida por el Dr. Cordero cuyo enlace tambi\u00e9n adjuntamos al final de esta entrada. La presentaci\u00f3n de la Dra. \u00c1lvarez pod\u00e9is descargarla en el enlace adjunto.<\/p>\n\n\n\n<div class=\"wp-block-file\"><a id=\"wp-block-file--media-0e7a5f91-8f0a-4e4f-9004-29aab40bcb16\" href=\"https:\/\/www.icscyl.com\/mileon\/wp-content\/uploads\/2024\/10\/Dra-Alvarez-sesres-Sep24.pdf\">Dra Alvarez sesres Sep24<\/a><a href=\"https:\/\/www.icscyl.com\/mileon\/wp-content\/uploads\/2024\/10\/Dra-Alvarez-sesres-Sep24.pdf\" class=\"wp-block-file__button wp-element-button\" download aria-describedby=\"wp-block-file--media-0e7a5f91-8f0a-4e4f-9004-29aab40bcb16\">Descarga<\/a><\/div>\n\n\n\n<figure class=\"wp-block-embed is-type-wp-embed is-provider-servicio-de-medicina-interna-del-hospital-de-le-n wp-block-embed-servicio-de-medicina-interna-del-hospital-de-le-n\"><div class=\"wp-block-embed__wrapper\">\n<blockquote class=\"wp-embedded-content\" data-secret=\"ShOx0Tw29n\"><a href=\"https:\/\/www.icscyl.com\/mileon\/residentes\/2023-04-26\/sesion-de-residentes-helicobacter-pylori\/\">Sesi\u00f3n de residentes: Helicobacter pylori<\/a><\/blockquote><iframe loading=\"lazy\" class=\"wp-embedded-content\" sandbox=\"allow-scripts\" security=\"restricted\" style=\"position: absolute; visibility: hidden;\" title=\"\u00abSesi\u00f3n de residentes: Helicobacter pylori\u00bb \u2014 Servicio de Medicina Interna del Hospital de Le\u00f3n\" src=\"https:\/\/www.icscyl.com\/mileon\/residentes\/2023-04-26\/sesion-de-residentes-helicobacter-pylori\/embed\/#?secret=RqCmr7kMOc#?secret=ShOx0Tw29n\" data-secret=\"ShOx0Tw29n\" width=\"600\" height=\"338\" frameborder=\"0\" marginwidth=\"0\" marginheight=\"0\" scrolling=\"no\"><\/iframe>\n<\/div><\/figure>\n","protected":false},"excerpt":{"rendered":"<p>El pasado 23 de Septiembre la Dra. \u00c1lvarez Cueto (R1 de Medicina Interna) coment\u00f3 dentro de las sesiones de los lunes la infecci\u00f3n por H pylori, centr\u00e1ndose en su epidemiolog\u00eda, manifestaciones cl\u00ednicas y principalmente en las medidas de diagn\u00f3stico y tratamiento con las diferentes l\u00edneas de erradicaci\u00f3n. Como hace un a\u00f1o tambi\u00e9n tocamos el tema [&hellip;]<\/p>\n","protected":false},"author":4,"featured_media":0,"comment_status":"open","ping_status":"open","sticky":false,"template":"","format":"standard","meta":{"jetpack_post_was_ever_published":false,"_jetpack_newsletter_access":"","_jetpack_dont_email_post_to_subs":false,"_jetpack_newsletter_tier_id":0,"_jetpack_memberships_contains_paywalled_content":false,"_jetpack_memberships_contains_paid_content":false,"footnotes":"","jetpack_publicize_message":"","jetpack_publicize_feature_enabled":true,"jetpack_social_post_already_shared":true,"jetpack_social_options":{"image_generator_settings":{"template":"highway","default_image_id":0,"font":"","enabled":false},"version":2}},"categories":[721,1],"tags":[735],"class_list":["post-26395","post","type-post","status-publish","format-standard","hentry","category-residentes","category-sin-categoria","tag-alvarez"],"jetpack_publicize_connections":[],"jetpack_featured_media_url":"","jetpack_sharing_enabled":true,"post_mailing_queue_ids":[],"_links":{"self":[{"href":"https:\/\/www.icscyl.com\/mileon\/wp-json\/wp\/v2\/posts\/26395","targetHints":{"allow":["GET"]}}],"collection":[{"href":"https:\/\/www.icscyl.com\/mileon\/wp-json\/wp\/v2\/posts"}],"about":[{"href":"https:\/\/www.icscyl.com\/mileon\/wp-json\/wp\/v2\/types\/post"}],"author":[{"embeddable":true,"href":"https:\/\/www.icscyl.com\/mileon\/wp-json\/wp\/v2\/users\/4"}],"replies":[{"embeddable":true,"href":"https:\/\/www.icscyl.com\/mileon\/wp-json\/wp\/v2\/comments?post=26395"}],"version-history":[{"count":1,"href":"https:\/\/www.icscyl.com\/mileon\/wp-json\/wp\/v2\/posts\/26395\/revisions"}],"predecessor-version":[{"id":26398,"href":"https:\/\/www.icscyl.com\/mileon\/wp-json\/wp\/v2\/posts\/26395\/revisions\/26398"}],"wp:attachment":[{"href":"https:\/\/www.icscyl.com\/mileon\/wp-json\/wp\/v2\/media?parent=26395"}],"wp:term":[{"taxonomy":"category","embeddable":true,"href":"https:\/\/www.icscyl.com\/mileon\/wp-json\/wp\/v2\/categories?post=26395"},{"taxonomy":"post_tag","embeddable":true,"href":"https:\/\/www.icscyl.com\/mileon\/wp-json\/wp\/v2\/tags?post=26395"}],"curies":[{"name":"wp","href":"https:\/\/api.w.org\/{rel}","templated":true}]}}