{"id":26322,"date":"2024-07-03T09:05:00","date_gmt":"2024-07-03T07:05:00","guid":{"rendered":"https:\/\/www.icscyl.com\/mileon\/?p=26322"},"modified":"2024-07-22T16:11:10","modified_gmt":"2024-07-22T14:11:10","slug":"sesion-clinica-18-2024-mieloma-multiple-con-amiloidosis-y-afectacion-cardiaca","status":"publish","type":"post","link":"https:\/\/www.icscyl.com\/mileon\/sin-categoria\/2024-07-03\/sesion-clinica-18-2024-mieloma-multiple-con-amiloidosis-y-afectacion-cardiaca\/","title":{"rendered":"Sesi\u00f3n cl\u00ednica 18\/2024: mieloma m\u00faltiple con amiloidosis y afectaci\u00f3n cardiaca"},"content":{"rendered":"<div class=\"wp-block-image\">\n<figure class=\"alignright size-full is-resized\"><img loading=\"lazy\" decoding=\"async\" width=\"640\" height=\"480\" src=\"https:\/\/www.icscyl.com\/mileon\/wp-content\/uploads\/2023\/03\/brain-gcd213b66a_640.png\" alt=\"\" class=\"wp-image-25515\" style=\"width:140px;height:auto\" srcset=\"https:\/\/www.icscyl.com\/mileon\/wp-content\/uploads\/2023\/03\/brain-gcd213b66a_640.png 640w, https:\/\/www.icscyl.com\/mileon\/wp-content\/uploads\/2023\/03\/brain-gcd213b66a_640-300x225.png 300w, https:\/\/www.icscyl.com\/mileon\/wp-content\/uploads\/2023\/03\/brain-gcd213b66a_640-624x468.png 624w\" sizes=\"auto, (max-width: 640px) 100vw, 640px\" \/><\/figure>\n<\/div>\n\n\n<p>El caso del 12 de Junio trataba sobre un paciente con cl\u00ednica de insuficiencia cardiaca, con mala respuesta a tratamiento diur\u00e9tico. La Dra. Sevilla (R2 de Medicina Interna), repas\u00f3 el diagn\u00f3stico diferencial de las posibles causas que justificaban la mala evoluci\u00f3n, as\u00ed como manejo cl\u00ednico del paciente. La evoluci\u00f3n del paciente as\u00ed como el diagn\u00f3stico fue posteriormente comentado por la Dra. Rodr\u00edguez. Su presentaci\u00f3n conjunta se encuentra disponible en el siguiente enlace.<\/p>\n\n\n\n<div class=\"wp-block-file\"><a id=\"wp-block-file--media-f54b2534-2c2a-4b2d-905c-d1c290a2dc06\" href=\"https:\/\/www.icscyl.com\/mileon\/wp-content\/uploads\/2024\/06\/Dras-Gandara-y-Rodriguez-sesclin-Jun24.pdf\">Dras-Gandara-y-Rodriguez-sesclin-Jun24<\/a><a href=\"https:\/\/www.icscyl.com\/mileon\/wp-content\/uploads\/2024\/06\/Dras-Gandara-y-Rodriguez-sesclin-Jun24.pdf\" class=\"wp-block-file__button wp-element-button\" download aria-describedby=\"wp-block-file--media-f54b2534-2c2a-4b2d-905c-d1c290a2dc06\">Descarga<\/a><\/div>\n","protected":false},"excerpt":{"rendered":"<p>El caso del 12 de Junio trataba sobre un paciente con cl\u00ednica de insuficiencia cardiaca, con mala respuesta a tratamiento diur\u00e9tico. La Dra. Sevilla (R2 de Medicina Interna), repas\u00f3 el diagn\u00f3stico diferencial de las posibles causas que justificaban la mala evoluci\u00f3n, as\u00ed como manejo cl\u00ednico del paciente. La evoluci\u00f3n del paciente as\u00ed como el diagn\u00f3stico [&hellip;]<\/p>\n","protected":false},"author":4,"featured_media":0,"comment_status":"open","ping_status":"open","sticky":false,"template":"","format":"standard","meta":{"jetpack_post_was_ever_published":false,"_jetpack_newsletter_access":"","_jetpack_dont_email_post_to_subs":false,"_jetpack_newsletter_tier_id":0,"_jetpack_memberships_contains_paywalled_content":false,"_jetpack_memberships_contains_paid_content":false,"footnotes":"","jetpack_publicize_message":"","jetpack_publicize_feature_enabled":true,"jetpack_social_post_already_shared":true,"jetpack_social_options":{"image_generator_settings":{"template":"highway","default_image_id":0,"font":"","enabled":false},"version":2}},"categories":[723,1],"tags":[],"class_list":["post-26322","post","type-post","status-publish","format-standard","hentry","category-sesiones-clinicas","category-sin-categoria"],"jetpack_publicize_connections":[],"jetpack_featured_media_url":"","jetpack_sharing_enabled":true,"post_mailing_queue_ids":[],"_links":{"self":[{"href":"https:\/\/www.icscyl.com\/mileon\/wp-json\/wp\/v2\/posts\/26322","targetHints":{"allow":["GET"]}}],"collection":[{"href":"https:\/\/www.icscyl.com\/mileon\/wp-json\/wp\/v2\/posts"}],"about":[{"href":"https:\/\/www.icscyl.com\/mileon\/wp-json\/wp\/v2\/types\/post"}],"author":[{"embeddable":true,"href":"https:\/\/www.icscyl.com\/mileon\/wp-json\/wp\/v2\/users\/4"}],"replies":[{"embeddable":true,"href":"https:\/\/www.icscyl.com\/mileon\/wp-json\/wp\/v2\/comments?post=26322"}],"version-history":[{"count":1,"href":"https:\/\/www.icscyl.com\/mileon\/wp-json\/wp\/v2\/posts\/26322\/revisions"}],"predecessor-version":[{"id":26324,"href":"https:\/\/www.icscyl.com\/mileon\/wp-json\/wp\/v2\/posts\/26322\/revisions\/26324"}],"wp:attachment":[{"href":"https:\/\/www.icscyl.com\/mileon\/wp-json\/wp\/v2\/media?parent=26322"}],"wp:term":[{"taxonomy":"category","embeddable":true,"href":"https:\/\/www.icscyl.com\/mileon\/wp-json\/wp\/v2\/categories?post=26322"},{"taxonomy":"post_tag","embeddable":true,"href":"https:\/\/www.icscyl.com\/mileon\/wp-json\/wp\/v2\/tags?post=26322"}],"curies":[{"name":"wp","href":"https:\/\/api.w.org\/{rel}","templated":true}]}}