{"id":2579,"date":"2011-05-10T14:04:25","date_gmt":"2011-05-10T13:04:25","guid":{"rendered":"http:\/\/mileon.wordpress.com\/?p=2579"},"modified":"2011-05-10T14:04:25","modified_gmt":"2011-05-10T13:04:25","slug":"sesion-general-meningitis-virica","status":"publish","type":"post","link":"https:\/\/www.icscyl.com\/mileon\/sesiones-generales\/2011-05-10\/sesion-general-meningitis-virica\/","title":{"rendered":"Sesi\u00f3n General: Meningitis v\u00edrica."},"content":{"rendered":"<p style=\"text-align:justify;\"><a href=\"https:\/\/mileon.files.wordpress.com\/2011\/05\/imagen12.jpg\"><img loading=\"lazy\" decoding=\"async\" class=\"alignright size-thumbnail wp-image-2580\" title=\"Imagen1\" src=\"https:\/\/mileon.files.wordpress.com\/2011\/05\/imagen12.jpg?w=150\" alt=\"\" width=\"150\" height=\"100\" \/><\/a>El jueves 5 de mayo de 2011 el Dr. Luis Garc\u00eda Tu\u00f1on (adjunto Neurolog\u00eda) presento la sesi\u00f3n general sobre las \u00abmeningitis v\u00edricas\u00bb. Tras comentar aspectos de la patogenia, describe la cl\u00ednica, diagn\u00f3stico y tratamiento de las formas m\u00e1s comunes.<br \/>\nDescargar <a href=\"https:\/\/mileon.files.wordpress.com\/2011\/05\/dr-tuc3b1on-sesgen-may11.pdf\">aqu\u00ed.<\/a><\/p>\n","protected":false},"excerpt":{"rendered":"<p>El jueves 5 de mayo de 2011 el Dr. Luis Garc\u00eda Tu\u00f1on (adjunto Neurolog\u00eda) presento la sesi\u00f3n general sobre las \u00abmeningitis v\u00edricas\u00bb. Tras comentar aspectos de la patogenia, describe la cl\u00ednica, diagn\u00f3stico y tratamiento de las formas m\u00e1s comunes. Descargar aqu\u00ed.<\/p>\n","protected":false},"author":6,"featured_media":0,"comment_status":"open","ping_status":"open","sticky":false,"template":"","format":"standard","meta":{"jetpack_post_was_ever_published":false,"_jetpack_newsletter_access":"","_jetpack_dont_email_post_to_subs":false,"_jetpack_newsletter_tier_id":0,"_jetpack_memberships_contains_paywalled_content":false,"_jetpack_memberships_contains_paid_content":false,"footnotes":"","jetpack_publicize_message":"","jetpack_publicize_feature_enabled":true,"jetpack_social_post_already_shared":false,"jetpack_social_options":{"image_generator_settings":{"template":"highway","default_image_id":0,"font":"","enabled":false},"version":2}},"categories":[726],"tags":[1043],"class_list":["post-2579","post","type-post","status-publish","format-standard","hentry","category-sesiones-generales","tag-tunon"],"jetpack_publicize_connections":[],"jetpack_featured_media_url":"","jetpack_sharing_enabled":true,"post_mailing_queue_ids":[],"_links":{"self":[{"href":"https:\/\/www.icscyl.com\/mileon\/wp-json\/wp\/v2\/posts\/2579","targetHints":{"allow":["GET"]}}],"collection":[{"href":"https:\/\/www.icscyl.com\/mileon\/wp-json\/wp\/v2\/posts"}],"about":[{"href":"https:\/\/www.icscyl.com\/mileon\/wp-json\/wp\/v2\/types\/post"}],"author":[{"embeddable":true,"href":"https:\/\/www.icscyl.com\/mileon\/wp-json\/wp\/v2\/users\/6"}],"replies":[{"embeddable":true,"href":"https:\/\/www.icscyl.com\/mileon\/wp-json\/wp\/v2\/comments?post=2579"}],"version-history":[{"count":0,"href":"https:\/\/www.icscyl.com\/mileon\/wp-json\/wp\/v2\/posts\/2579\/revisions"}],"wp:attachment":[{"href":"https:\/\/www.icscyl.com\/mileon\/wp-json\/wp\/v2\/media?parent=2579"}],"wp:term":[{"taxonomy":"category","embeddable":true,"href":"https:\/\/www.icscyl.com\/mileon\/wp-json\/wp\/v2\/categories?post=2579"},{"taxonomy":"post_tag","embeddable":true,"href":"https:\/\/www.icscyl.com\/mileon\/wp-json\/wp\/v2\/tags?post=2579"}],"curies":[{"name":"wp","href":"https:\/\/api.w.org\/{rel}","templated":true}]}}