{"id":25740,"date":"2023-09-01T10:29:00","date_gmt":"2023-09-01T08:29:00","guid":{"rendered":"https:\/\/www.icscyl.com\/mileon\/?p=25740"},"modified":"2023-08-30T06:35:32","modified_gmt":"2023-08-30T04:35:32","slug":"sesion-clinica-26-2023-infeccion-por-cmv","status":"publish","type":"post","link":"https:\/\/www.icscyl.com\/mileon\/sesiones-clinicas\/2023-09-01\/sesion-clinica-26-2023-infeccion-por-cmv\/","title":{"rendered":"Sesi\u00f3n cl\u00ednica 26\/2023: Infecci\u00f3n por CMV"},"content":{"rendered":"<div class=\"wp-block-image\">\n<figure class=\"alignright size-full is-resized\"><img loading=\"lazy\" decoding=\"async\" src=\"https:\/\/www.icscyl.com\/mileon\/wp-content\/uploads\/2023\/08\/virus-163471_640.jpg\" alt=\"\" class=\"wp-image-25742\" width=\"217\" height=\"122\" srcset=\"https:\/\/www.icscyl.com\/mileon\/wp-content\/uploads\/2023\/08\/virus-163471_640.jpg 640w, https:\/\/www.icscyl.com\/mileon\/wp-content\/uploads\/2023\/08\/virus-163471_640-300x169.jpg 300w, https:\/\/www.icscyl.com\/mileon\/wp-content\/uploads\/2023\/08\/virus-163471_640-624x351.jpg 624w\" sizes=\"auto, (max-width: 217px) 100vw, 217px\" \/><\/figure>\n<\/div>\n\n\n<p>La \u00faltima sesi\u00f3n cl\u00ednica de Julio trataba sobre un paciente inmunosuprimido por tratamiento con biol\u00f3gicos, con s\u00edndrome miccional, disnea en aparente relaci\u00f3n con insuficiencia cardiaca y una llamativa linfocitosis en la anal\u00edtica. El diagn\u00f3stico diferencial fue realizado por la Dra. Calvo (R3 de Medicina Interna) que repas\u00f3 las posibilidades m\u00e1s plausibles que justificasen el cuadro as\u00ed como el manejo diagn\u00f3stico. A continuaci\u00f3n la Dra. Garc\u00eda Escudero complet\u00f3 la sesi\u00f3n con el diagn\u00f3stico, manejo del paciente y un breve repaso de esta entidad. Su presentaci\u00f3n est\u00e1 disponible en el enlace adjunto.<\/p>\n\n\n\n<div class=\"wp-block-file\"><a id=\"wp-block-file--media-57eeacd7-1105-4818-917f-e9a6659c7258\" href=\"https:\/\/www.icscyl.com\/mileon\/wp-content\/uploads\/2023\/08\/Dras-Calvo-y-Escudero-sesclin-Jul23.pdf\">Dras-Calvo-y-Escudero-sesclin-Jul23<\/a><a href=\"https:\/\/www.icscyl.com\/mileon\/wp-content\/uploads\/2023\/08\/Dras-Calvo-y-Escudero-sesclin-Jul23.pdf\" class=\"wp-block-file__button wp-element-button\" download aria-describedby=\"wp-block-file--media-57eeacd7-1105-4818-917f-e9a6659c7258\">Descarga<\/a><\/div>\n","protected":false},"excerpt":{"rendered":"<p>La \u00faltima sesi\u00f3n cl\u00ednica de Julio trataba sobre un paciente inmunosuprimido por tratamiento con biol\u00f3gicos, con s\u00edndrome miccional, disnea en aparente relaci\u00f3n con insuficiencia cardiaca y una llamativa linfocitosis en la anal\u00edtica. El diagn\u00f3stico diferencial fue realizado por la Dra. Calvo (R3 de Medicina Interna) que repas\u00f3 las posibilidades m\u00e1s plausibles que justificasen el cuadro [&hellip;]<\/p>\n","protected":false},"author":4,"featured_media":0,"comment_status":"open","ping_status":"open","sticky":false,"template":"","format":"standard","meta":{"jetpack_post_was_ever_published":false,"_jetpack_newsletter_access":"","_jetpack_dont_email_post_to_subs":false,"_jetpack_newsletter_tier_id":0,"_jetpack_memberships_contains_paywalled_content":false,"_jetpack_memberships_contains_paid_content":false,"footnotes":"","jetpack_publicize_message":"","jetpack_publicize_feature_enabled":true,"jetpack_social_post_already_shared":true,"jetpack_social_options":{"image_generator_settings":{"template":"highway","default_image_id":0,"font":"","enabled":false},"version":2}},"categories":[723],"tags":[839,1099],"class_list":["post-25740","post","type-post","status-publish","format-standard","hentry","category-sesiones-clinicas","tag-escudero","tag-calvo"],"jetpack_publicize_connections":[],"jetpack_featured_media_url":"","jetpack_sharing_enabled":true,"post_mailing_queue_ids":[],"_links":{"self":[{"href":"https:\/\/www.icscyl.com\/mileon\/wp-json\/wp\/v2\/posts\/25740","targetHints":{"allow":["GET"]}}],"collection":[{"href":"https:\/\/www.icscyl.com\/mileon\/wp-json\/wp\/v2\/posts"}],"about":[{"href":"https:\/\/www.icscyl.com\/mileon\/wp-json\/wp\/v2\/types\/post"}],"author":[{"embeddable":true,"href":"https:\/\/www.icscyl.com\/mileon\/wp-json\/wp\/v2\/users\/4"}],"replies":[{"embeddable":true,"href":"https:\/\/www.icscyl.com\/mileon\/wp-json\/wp\/v2\/comments?post=25740"}],"version-history":[{"count":0,"href":"https:\/\/www.icscyl.com\/mileon\/wp-json\/wp\/v2\/posts\/25740\/revisions"}],"wp:attachment":[{"href":"https:\/\/www.icscyl.com\/mileon\/wp-json\/wp\/v2\/media?parent=25740"}],"wp:term":[{"taxonomy":"category","embeddable":true,"href":"https:\/\/www.icscyl.com\/mileon\/wp-json\/wp\/v2\/categories?post=25740"},{"taxonomy":"post_tag","embeddable":true,"href":"https:\/\/www.icscyl.com\/mileon\/wp-json\/wp\/v2\/tags?post=25740"}],"curies":[{"name":"wp","href":"https:\/\/api.w.org\/{rel}","templated":true}]}}