{"id":25680,"date":"2023-07-05T11:02:00","date_gmt":"2023-07-05T09:02:00","guid":{"rendered":"https:\/\/www.icscyl.com\/mileon\/?p=25680"},"modified":"2023-07-03T13:08:22","modified_gmt":"2023-07-03T11:08:22","slug":"sesion-clinica-20-2023-masa-paravesical-por-paraganglioma","status":"publish","type":"post","link":"https:\/\/www.icscyl.com\/mileon\/sesiones-clinicas\/2023-07-05\/sesion-clinica-20-2023-masa-paravesical-por-paraganglioma\/","title":{"rendered":"Sesi\u00f3n cl\u00ednica 20\/2023: Masa paravesical por paraganglioma"},"content":{"rendered":"<div class=\"wp-block-image\">\n<figure class=\"alignright size-full is-resized\"><img loading=\"lazy\" decoding=\"async\" src=\"https:\/\/www.icscyl.com\/mileon\/wp-content\/uploads\/2019\/11\/image.jpeg\" alt=\"\" class=\"wp-image-24468\" width=\"153\" height=\"115\"\/><\/figure>\n<\/div>\n\n\n<p>El caso cl\u00ednico del 31 de Mayo trataba sobre un paciente con dolor en flanco y masa paravesical asociada a lesi\u00f3n sugestiva de neoplasia prost\u00e1tica. El diagn\u00f3stico diferencial fue realizado por el Dr. Ortiz de Urbina (R4 de Medicina Interna) que repas\u00f3 las causas m\u00e1s probables. La soluci\u00f3n la aport\u00f3 la Dra. Casta\u00f1\u00f3n, junto con un peque\u00f1o resumen de la evoluci\u00f3n del paciente y un comentario breve sobre esta entidad.<\/p>\n\n\n\n<div class=\"wp-block-file\"><a id=\"wp-block-file--media-b883bb6e-9ab7-4f95-9e67-1f1ec48bcfc4\" href=\"https:\/\/www.icscyl.com\/mileon\/wp-content\/uploads\/2023\/07\/Dres-Ortiz-de-Urbina-y-Castanon.pdf\">Dres-Ortiz-de-Urbina-y-Castanon<\/a><a href=\"https:\/\/www.icscyl.com\/mileon\/wp-content\/uploads\/2023\/07\/Dres-Ortiz-de-Urbina-y-Castanon.pdf\" class=\"wp-block-file__button wp-element-button\" download aria-describedby=\"wp-block-file--media-b883bb6e-9ab7-4f95-9e67-1f1ec48bcfc4\">Descarga<\/a><\/div>\n","protected":false},"excerpt":{"rendered":"<p>El caso cl\u00ednico del 31 de Mayo trataba sobre un paciente con dolor en flanco y masa paravesical asociada a lesi\u00f3n sugestiva de neoplasia prost\u00e1tica. El diagn\u00f3stico diferencial fue realizado por el Dr. Ortiz de Urbina (R4 de Medicina Interna) que repas\u00f3 las causas m\u00e1s probables. La soluci\u00f3n la aport\u00f3 la Dra. Casta\u00f1\u00f3n, junto con [&hellip;]<\/p>\n","protected":false},"author":4,"featured_media":0,"comment_status":"open","ping_status":"open","sticky":false,"template":"","format":"standard","meta":{"jetpack_post_was_ever_published":false,"_jetpack_newsletter_access":"","_jetpack_dont_email_post_to_subs":false,"_jetpack_newsletter_tier_id":0,"_jetpack_memberships_contains_paywalled_content":false,"_jetpack_memberships_contains_paid_content":false,"footnotes":"","jetpack_publicize_message":"","jetpack_publicize_feature_enabled":true,"jetpack_social_post_already_shared":true,"jetpack_social_options":{"image_generator_settings":{"template":"highway","default_image_id":0,"font":"","enabled":false},"version":2}},"categories":[723],"tags":[796,1086],"class_list":["post-25680","post","type-post","status-publish","format-standard","hentry","category-sesiones-clinicas","tag-castanon","tag-ortiz"],"jetpack_publicize_connections":[],"jetpack_featured_media_url":"","jetpack_sharing_enabled":true,"post_mailing_queue_ids":[],"_links":{"self":[{"href":"https:\/\/www.icscyl.com\/mileon\/wp-json\/wp\/v2\/posts\/25680","targetHints":{"allow":["GET"]}}],"collection":[{"href":"https:\/\/www.icscyl.com\/mileon\/wp-json\/wp\/v2\/posts"}],"about":[{"href":"https:\/\/www.icscyl.com\/mileon\/wp-json\/wp\/v2\/types\/post"}],"author":[{"embeddable":true,"href":"https:\/\/www.icscyl.com\/mileon\/wp-json\/wp\/v2\/users\/4"}],"replies":[{"embeddable":true,"href":"https:\/\/www.icscyl.com\/mileon\/wp-json\/wp\/v2\/comments?post=25680"}],"version-history":[{"count":0,"href":"https:\/\/www.icscyl.com\/mileon\/wp-json\/wp\/v2\/posts\/25680\/revisions"}],"wp:attachment":[{"href":"https:\/\/www.icscyl.com\/mileon\/wp-json\/wp\/v2\/media?parent=25680"}],"wp:term":[{"taxonomy":"category","embeddable":true,"href":"https:\/\/www.icscyl.com\/mileon\/wp-json\/wp\/v2\/categories?post=25680"},{"taxonomy":"post_tag","embeddable":true,"href":"https:\/\/www.icscyl.com\/mileon\/wp-json\/wp\/v2\/tags?post=25680"}],"curies":[{"name":"wp","href":"https:\/\/api.w.org\/{rel}","templated":true}]}}