{"id":25645,"date":"2023-06-06T11:21:00","date_gmt":"2023-06-06T09:21:00","guid":{"rendered":"https:\/\/www.icscyl.com\/mileon\/?p=25645"},"modified":"2023-06-01T21:53:27","modified_gmt":"2023-06-01T19:53:27","slug":"37o-congreso-socalmi-de-medicina-interna","status":"publish","type":"post","link":"https:\/\/www.icscyl.com\/mileon\/cursos-y-congresos\/2023-06-06\/37o-congreso-socalmi-de-medicina-interna\/","title":{"rendered":"37\u00ba Congreso SOCALMI de Medicina Interna"},"content":{"rendered":"<div class=\"wp-block-image\">\n<figure class=\"alignright size-full is-resized\"><img loading=\"lazy\" decoding=\"async\" src=\"https:\/\/www.icscyl.com\/mileon\/wp-content\/uploads\/2023\/05\/Captura-de-pantalla-2021-10-20-a-las-15.02.45.png\" alt=\"\" class=\"wp-image-25593\" width=\"222\" height=\"68\" srcset=\"https:\/\/www.icscyl.com\/mileon\/wp-content\/uploads\/2023\/05\/Captura-de-pantalla-2021-10-20-a-las-15.02.45.png 546w, https:\/\/www.icscyl.com\/mileon\/wp-content\/uploads\/2023\/05\/Captura-de-pantalla-2021-10-20-a-las-15.02.45-300x92.png 300w\" sizes=\"auto, (max-width: 222px) 100vw, 222px\" \/><\/figure>\n<\/div>\n\n\n<p>Quedan 4 d\u00edas para el inicio del 37\u00ba Congreso de  la Sociedad Castellanoleonesa-C\u00e1ntabra de Medicina Interna que se celebrar\u00e1 en el Palacin (Palacio de Congresos de Le\u00f3n) el pr\u00f3ximo 9 de junio (jornada de residentes) y 10 de junio. Esperamos que disfrut\u00e9is con la actividad cient\u00edfica tanto la que se ha preparado para nuestros residentes, que son el futuro de nuestra especialidad, con casos cl\u00ednicos y talleres interactivos, como las seis mesas redondas del s\u00e1bado que tratar\u00e1n sobre temas de nuestra especialidad y que permitir\u00e1n una puesta al d\u00eda en patolog\u00edas que tratamos frecuentemente.<\/p>\n","protected":false},"excerpt":{"rendered":"<p>Quedan 4 d\u00edas para el inicio del 37\u00ba Congreso de la Sociedad Castellanoleonesa-C\u00e1ntabra de Medicina Interna que se celebrar\u00e1 en el Palacin (Palacio de Congresos de Le\u00f3n) el pr\u00f3ximo 9 de junio (jornada de residentes) y 10 de junio. Esperamos que disfrut\u00e9is con la actividad cient\u00edfica tanto la que se ha preparado para nuestros residentes, [&hellip;]<\/p>\n","protected":false},"author":4,"featured_media":0,"comment_status":"open","ping_status":"open","sticky":false,"template":"","format":"standard","meta":{"jetpack_post_was_ever_published":false,"_jetpack_newsletter_access":"","_jetpack_dont_email_post_to_subs":false,"_jetpack_newsletter_tier_id":0,"_jetpack_memberships_contains_paywalled_content":false,"_jetpack_memberships_contains_paid_content":false,"footnotes":"","jetpack_publicize_message":"","jetpack_publicize_feature_enabled":true,"jetpack_social_post_already_shared":true,"jetpack_social_options":{"image_generator_settings":{"template":"highway","default_image_id":0,"font":"","enabled":false},"version":2}},"categories":[712],"tags":[],"class_list":["post-25645","post","type-post","status-publish","format-standard","hentry","category-cursos-y-congresos"],"jetpack_publicize_connections":[],"jetpack_featured_media_url":"","jetpack_sharing_enabled":true,"post_mailing_queue_ids":[],"_links":{"self":[{"href":"https:\/\/www.icscyl.com\/mileon\/wp-json\/wp\/v2\/posts\/25645","targetHints":{"allow":["GET"]}}],"collection":[{"href":"https:\/\/www.icscyl.com\/mileon\/wp-json\/wp\/v2\/posts"}],"about":[{"href":"https:\/\/www.icscyl.com\/mileon\/wp-json\/wp\/v2\/types\/post"}],"author":[{"embeddable":true,"href":"https:\/\/www.icscyl.com\/mileon\/wp-json\/wp\/v2\/users\/4"}],"replies":[{"embeddable":true,"href":"https:\/\/www.icscyl.com\/mileon\/wp-json\/wp\/v2\/comments?post=25645"}],"version-history":[{"count":0,"href":"https:\/\/www.icscyl.com\/mileon\/wp-json\/wp\/v2\/posts\/25645\/revisions"}],"wp:attachment":[{"href":"https:\/\/www.icscyl.com\/mileon\/wp-json\/wp\/v2\/media?parent=25645"}],"wp:term":[{"taxonomy":"category","embeddable":true,"href":"https:\/\/www.icscyl.com\/mileon\/wp-json\/wp\/v2\/categories?post=25645"},{"taxonomy":"post_tag","embeddable":true,"href":"https:\/\/www.icscyl.com\/mileon\/wp-json\/wp\/v2\/tags?post=25645"}],"curies":[{"name":"wp","href":"https:\/\/api.w.org\/{rel}","templated":true}]}}