{"id":25639,"date":"2023-06-02T09:14:00","date_gmt":"2023-06-02T07:14:00","guid":{"rendered":"https:\/\/www.icscyl.com\/mileon\/?p=25639"},"modified":"2023-05-29T22:17:02","modified_gmt":"2023-05-29T20:17:02","slug":"sesion-clinica-17-2023-penfigo-vulgar","status":"publish","type":"post","link":"https:\/\/www.icscyl.com\/mileon\/sesiones-clinicas\/2023-06-02\/sesion-clinica-17-2023-penfigo-vulgar\/","title":{"rendered":"Sesi\u00f3n cl\u00ednica 17\/2023: P\u00e9nfigo vulgar"},"content":{"rendered":"<div class=\"wp-block-image\">\n<figure class=\"alignright size-full is-resized\"><img loading=\"lazy\" decoding=\"async\" src=\"https:\/\/www.icscyl.com\/mileon\/wp-content\/uploads\/2021\/04\/ideas.jpg\" alt=\"\" class=\"wp-image-24835\" width=\"160\" height=\"125\" srcset=\"https:\/\/www.icscyl.com\/mileon\/wp-content\/uploads\/2021\/04\/ideas.jpg 512w, https:\/\/www.icscyl.com\/mileon\/wp-content\/uploads\/2021\/04\/ideas-300x235.jpg 300w\" sizes=\"auto, (max-width: 160px) 100vw, 160px\" \/><\/figure>\n<\/div>\n\n\n<p>El caso del pasado 10 de Mayo trataba sobre una paciente con lesiones orales invalidantes de 3 meses de evoluci\u00f3n. El diagn\u00f3stico diferencial fue realizado por la Dra. Mu\u00f1oz (R5 de Medicina interna, y en su \u00faltima sesi\u00f3n cl\u00ednica) mientras que la soluci\u00f3n y un breve comentario sobre esta entidad fue realizado por el Dr. Borrego. Su presentaci\u00f3n conjunta se encuentra disponible a continuaci\u00f3n.<\/p>\n\n\n\n<div class=\"wp-block-file\"><a id=\"wp-block-file--media-e6e1221e-a936-489a-a5c5-9542ebbddaa4\" href=\"https:\/\/www.icscyl.com\/mileon\/wp-content\/uploads\/2023\/05\/Dres-Munoz-y-Borrego-sesclin-May23.pdf\">Dres-Munoz-y-Borrego-sesclin-May23<\/a><a href=\"https:\/\/www.icscyl.com\/mileon\/wp-content\/uploads\/2023\/05\/Dres-Munoz-y-Borrego-sesclin-May23.pdf\" class=\"wp-block-file__button wp-element-button\" download aria-describedby=\"wp-block-file--media-e6e1221e-a936-489a-a5c5-9542ebbddaa4\">Descarga<\/a><\/div>\n","protected":false},"excerpt":{"rendered":"<p>El caso del pasado 10 de Mayo trataba sobre una paciente con lesiones orales invalidantes de 3 meses de evoluci\u00f3n. El diagn\u00f3stico diferencial fue realizado por la Dra. Mu\u00f1oz (R5 de Medicina interna, y en su \u00faltima sesi\u00f3n cl\u00ednica) mientras que la soluci\u00f3n y un breve comentario sobre esta entidad fue realizado por el Dr. [&hellip;]<\/p>\n","protected":false},"author":4,"featured_media":0,"comment_status":"open","ping_status":"open","sticky":false,"template":"","format":"standard","meta":{"jetpack_post_was_ever_published":false,"_jetpack_newsletter_access":"","_jetpack_dont_email_post_to_subs":false,"_jetpack_newsletter_tier_id":0,"_jetpack_memberships_contains_paywalled_content":false,"_jetpack_memberships_contains_paid_content":false,"footnotes":"","jetpack_publicize_message":"","jetpack_publicize_feature_enabled":true,"jetpack_social_post_already_shared":true,"jetpack_social_options":{"image_generator_settings":{"template":"highway","default_image_id":0,"font":"","enabled":false},"version":2}},"categories":[723],"tags":[782],"class_list":["post-25639","post","type-post","status-publish","format-standard","hentry","category-sesiones-clinicas","tag-borrego"],"jetpack_publicize_connections":[],"jetpack_featured_media_url":"","jetpack_sharing_enabled":true,"post_mailing_queue_ids":[],"_links":{"self":[{"href":"https:\/\/www.icscyl.com\/mileon\/wp-json\/wp\/v2\/posts\/25639","targetHints":{"allow":["GET"]}}],"collection":[{"href":"https:\/\/www.icscyl.com\/mileon\/wp-json\/wp\/v2\/posts"}],"about":[{"href":"https:\/\/www.icscyl.com\/mileon\/wp-json\/wp\/v2\/types\/post"}],"author":[{"embeddable":true,"href":"https:\/\/www.icscyl.com\/mileon\/wp-json\/wp\/v2\/users\/4"}],"replies":[{"embeddable":true,"href":"https:\/\/www.icscyl.com\/mileon\/wp-json\/wp\/v2\/comments?post=25639"}],"version-history":[{"count":0,"href":"https:\/\/www.icscyl.com\/mileon\/wp-json\/wp\/v2\/posts\/25639\/revisions"}],"wp:attachment":[{"href":"https:\/\/www.icscyl.com\/mileon\/wp-json\/wp\/v2\/media?parent=25639"}],"wp:term":[{"taxonomy":"category","embeddable":true,"href":"https:\/\/www.icscyl.com\/mileon\/wp-json\/wp\/v2\/categories?post=25639"},{"taxonomy":"post_tag","embeddable":true,"href":"https:\/\/www.icscyl.com\/mileon\/wp-json\/wp\/v2\/tags?post=25639"}],"curies":[{"name":"wp","href":"https:\/\/api.w.org\/{rel}","templated":true}]}}