{"id":25636,"date":"2023-06-01T10:08:00","date_gmt":"2023-06-01T08:08:00","guid":{"rendered":"https:\/\/www.icscyl.com\/mileon\/?p=25636"},"modified":"2023-05-29T22:13:48","modified_gmt":"2023-05-29T20:13:48","slug":"sesion-clinica-16-2023-granulomatosis-con-poliangeitis-con-afectacion-localizada-en-orl","status":"publish","type":"post","link":"https:\/\/www.icscyl.com\/mileon\/sesiones-clinicas\/2023-06-01\/sesion-clinica-16-2023-granulomatosis-con-poliangeitis-con-afectacion-localizada-en-orl\/","title":{"rendered":"Sesi\u00f3n cl\u00ednica 16\/2023: Granulomatosis con poliangeitis con afectaci\u00f3n localizada en ORL"},"content":{"rendered":"<div class=\"wp-block-image\">\n<figure class=\"alignright size-full is-resized\"><img loading=\"lazy\" decoding=\"async\" src=\"https:\/\/www.icscyl.com\/mileon\/wp-content\/uploads\/2022\/06\/jigsaw-puzzle-gbfecf995a_640.png\" alt=\"\" class=\"wp-image-25186\" width=\"97\" height=\"91\" srcset=\"https:\/\/www.icscyl.com\/mileon\/wp-content\/uploads\/2022\/06\/jigsaw-puzzle-gbfecf995a_640.png 640w, https:\/\/www.icscyl.com\/mileon\/wp-content\/uploads\/2022\/06\/jigsaw-puzzle-gbfecf995a_640-300x283.png 300w, https:\/\/www.icscyl.com\/mileon\/wp-content\/uploads\/2022\/06\/jigsaw-puzzle-gbfecf995a_640-624x588.png 624w\" sizes=\"auto, (max-width: 97px) 100vw, 97px\" \/><\/figure>\n<\/div>\n\n\n<p>El caso cl\u00ednico del pasado 3 de Mayo trataba sobre una paciente con cuadro de cefalea e hipersensibilidad facial de larga evoluci\u00f3n con amplios estudios en a\u00f1os anteriores. El diagn\u00f3stico diferencial fue realizado por la Dra. Calvo (R2 de Medicina Interna) y la soluci\u00f3n la aport\u00f3 la Dra. Blanco que coment\u00f3 brevemente esta entidad y el manejo cl\u00ednico. Su presentaci\u00f3n conjunta se encuentra disponible en el enlace adjunto.<\/p>\n\n\n\n<div class=\"wp-block-file\"><a id=\"wp-block-file--media-852e42f8-8267-4781-923f-0f40d9b1ab69\" href=\"https:\/\/www.icscyl.com\/mileon\/wp-content\/uploads\/2023\/05\/Dras-Calvo-y-Blanco-sesclin-May23.pdf\">Dras-Calvo-y-Blanco-sesclin-May23<\/a><a href=\"https:\/\/www.icscyl.com\/mileon\/wp-content\/uploads\/2023\/05\/Dras-Calvo-y-Blanco-sesclin-May23.pdf\" class=\"wp-block-file__button wp-element-button\" download aria-describedby=\"wp-block-file--media-852e42f8-8267-4781-923f-0f40d9b1ab69\">Descarga<\/a><\/div>\n","protected":false},"excerpt":{"rendered":"<p>El caso cl\u00ednico del pasado 3 de Mayo trataba sobre una paciente con cuadro de cefalea e hipersensibilidad facial de larga evoluci\u00f3n con amplios estudios en a\u00f1os anteriores. El diagn\u00f3stico diferencial fue realizado por la Dra. Calvo (R2 de Medicina Interna) y la soluci\u00f3n la aport\u00f3 la Dra. Blanco que coment\u00f3 brevemente esta entidad y [&hellip;]<\/p>\n","protected":false},"author":4,"featured_media":0,"comment_status":"open","ping_status":"open","sticky":false,"template":"","format":"standard","meta":{"jetpack_post_was_ever_published":false,"_jetpack_newsletter_access":"","_jetpack_dont_email_post_to_subs":false,"_jetpack_newsletter_tier_id":0,"_jetpack_memberships_contains_paywalled_content":false,"_jetpack_memberships_contains_paid_content":false,"footnotes":"","jetpack_publicize_message":"","jetpack_publicize_feature_enabled":true,"jetpack_social_post_already_shared":true,"jetpack_social_options":{"image_generator_settings":{"template":"highway","default_image_id":0,"font":"","enabled":false},"version":2}},"categories":[723],"tags":[780,1099],"class_list":["post-25636","post","type-post","status-publish","format-standard","hentry","category-sesiones-clinicas","tag-blanco","tag-calvo"],"jetpack_publicize_connections":[],"jetpack_featured_media_url":"","jetpack_sharing_enabled":true,"post_mailing_queue_ids":[],"_links":{"self":[{"href":"https:\/\/www.icscyl.com\/mileon\/wp-json\/wp\/v2\/posts\/25636","targetHints":{"allow":["GET"]}}],"collection":[{"href":"https:\/\/www.icscyl.com\/mileon\/wp-json\/wp\/v2\/posts"}],"about":[{"href":"https:\/\/www.icscyl.com\/mileon\/wp-json\/wp\/v2\/types\/post"}],"author":[{"embeddable":true,"href":"https:\/\/www.icscyl.com\/mileon\/wp-json\/wp\/v2\/users\/4"}],"replies":[{"embeddable":true,"href":"https:\/\/www.icscyl.com\/mileon\/wp-json\/wp\/v2\/comments?post=25636"}],"version-history":[{"count":0,"href":"https:\/\/www.icscyl.com\/mileon\/wp-json\/wp\/v2\/posts\/25636\/revisions"}],"wp:attachment":[{"href":"https:\/\/www.icscyl.com\/mileon\/wp-json\/wp\/v2\/media?parent=25636"}],"wp:term":[{"taxonomy":"category","embeddable":true,"href":"https:\/\/www.icscyl.com\/mileon\/wp-json\/wp\/v2\/categories?post=25636"},{"taxonomy":"post_tag","embeddable":true,"href":"https:\/\/www.icscyl.com\/mileon\/wp-json\/wp\/v2\/tags?post=25636"}],"curies":[{"name":"wp","href":"https:\/\/api.w.org\/{rel}","templated":true}]}}