{"id":25481,"date":"2023-03-13T09:49:00","date_gmt":"2023-03-13T08:49:00","guid":{"rendered":"https:\/\/www.icscyl.com\/mileon\/?p=25481"},"modified":"2023-03-09T00:58:20","modified_gmt":"2023-03-08T23:58:20","slug":"sesion-clinica-7-2023-meningitis-por-cryptococcus-neoformans-en-paciente-vih","status":"publish","type":"post","link":"https:\/\/www.icscyl.com\/mileon\/sesiones-clinicas\/2023-03-13\/sesion-clinica-7-2023-meningitis-por-cryptococcus-neoformans-en-paciente-vih\/","title":{"rendered":"Sesi\u00f3n cl\u00ednica 7\/2023: Meningitis por Cryptococcus neoformans en paciente VIH+"},"content":{"rendered":"<div class=\"wp-block-image\">\n<figure class=\"alignright size-full is-resized\"><img loading=\"lazy\" decoding=\"async\" src=\"https:\/\/www.icscyl.com\/mileon\/wp-content\/uploads\/2023\/03\/turn-on-gf94c39300_640.jpg\" alt=\"\" class=\"wp-image-25483\" width=\"169\" height=\"106\" srcset=\"https:\/\/www.icscyl.com\/mileon\/wp-content\/uploads\/2023\/03\/turn-on-gf94c39300_640.jpg 640w, https:\/\/www.icscyl.com\/mileon\/wp-content\/uploads\/2023\/03\/turn-on-gf94c39300_640-300x188.jpg 300w, https:\/\/www.icscyl.com\/mileon\/wp-content\/uploads\/2023\/03\/turn-on-gf94c39300_640-624x391.jpg 624w\" sizes=\"auto, (max-width: 169px) 100vw, 169px\" \/><\/figure>\n<\/div>\n\n\n<p>El caso cl\u00ednico del pasado 22 de Febrero trataba sobre una paciente joven con trastorno del comportamiento, s\u00edndrome general y diversas alteraciones anal\u00edticas sugestivas de meningoencefalitis en contexto de inmunosupresi\u00f3n. El diagn\u00f3stico diferencial fue realizado por la Dra. Su\u00e1rez (R4 de Medicina Interna) que repas\u00f3 las diferentes causas que podr\u00edan justificar los s\u00edntomas y la soluci\u00f3n la aport\u00f3 la Dra. P\u00e9rez Sim\u00f3n que repas\u00f3 brevemente esta entidad. Su presentaci\u00f3n conjunta se encuentra disponible a continuaci\u00f3n.<\/p>\n\n\n\n<div class=\"wp-block-file\"><a id=\"wp-block-file--media-08562e4d-29b9-45b1-8948-5d886ac52102\" href=\"https:\/\/www.icscyl.com\/mileon\/wp-content\/uploads\/2023\/03\/Dras-Suarez-y-Perez-Simon-sesclin-Feb23.pdf\">Dras-Suarez-y-Perez-Simon-sesclin-Feb23<\/a><a href=\"https:\/\/www.icscyl.com\/mileon\/wp-content\/uploads\/2023\/03\/Dras-Suarez-y-Perez-Simon-sesclin-Feb23.pdf\" class=\"wp-block-file__button wp-element-button\" download aria-describedby=\"wp-block-file--media-08562e4d-29b9-45b1-8948-5d886ac52102\">Descarga<\/a><\/div>\n","protected":false},"excerpt":{"rendered":"<p>El caso cl\u00ednico del pasado 22 de Febrero trataba sobre una paciente joven con trastorno del comportamiento, s\u00edndrome general y diversas alteraciones anal\u00edticas sugestivas de meningoencefalitis en contexto de inmunosupresi\u00f3n. El diagn\u00f3stico diferencial fue realizado por la Dra. Su\u00e1rez (R4 de Medicina Interna) que repas\u00f3 las diferentes causas que podr\u00edan justificar los s\u00edntomas y la [&hellip;]<\/p>\n","protected":false},"author":4,"featured_media":0,"comment_status":"open","ping_status":"open","sticky":false,"template":"","format":"standard","meta":{"jetpack_post_was_ever_published":false,"_jetpack_newsletter_access":"","_jetpack_dont_email_post_to_subs":false,"_jetpack_newsletter_tier_id":0,"_jetpack_memberships_contains_paywalled_content":false,"_jetpack_memberships_contains_paid_content":false,"footnotes":"","jetpack_publicize_message":"En nuestro blog un nuevo caso cl\u00ednico... meningitis por Cryptococcus en paciente VIH+","jetpack_publicize_feature_enabled":true,"jetpack_social_post_already_shared":true,"jetpack_social_options":{"image_generator_settings":{"template":"highway","default_image_id":0,"font":"","enabled":false},"version":2}},"categories":[723],"tags":[975],"class_list":["post-25481","post","type-post","status-publish","format-standard","hentry","category-sesiones-clinicas","tag-perez-simon"],"jetpack_publicize_connections":[],"jetpack_featured_media_url":"","jetpack_sharing_enabled":true,"post_mailing_queue_ids":[],"_links":{"self":[{"href":"https:\/\/www.icscyl.com\/mileon\/wp-json\/wp\/v2\/posts\/25481","targetHints":{"allow":["GET"]}}],"collection":[{"href":"https:\/\/www.icscyl.com\/mileon\/wp-json\/wp\/v2\/posts"}],"about":[{"href":"https:\/\/www.icscyl.com\/mileon\/wp-json\/wp\/v2\/types\/post"}],"author":[{"embeddable":true,"href":"https:\/\/www.icscyl.com\/mileon\/wp-json\/wp\/v2\/users\/4"}],"replies":[{"embeddable":true,"href":"https:\/\/www.icscyl.com\/mileon\/wp-json\/wp\/v2\/comments?post=25481"}],"version-history":[{"count":0,"href":"https:\/\/www.icscyl.com\/mileon\/wp-json\/wp\/v2\/posts\/25481\/revisions"}],"wp:attachment":[{"href":"https:\/\/www.icscyl.com\/mileon\/wp-json\/wp\/v2\/media?parent=25481"}],"wp:term":[{"taxonomy":"category","embeddable":true,"href":"https:\/\/www.icscyl.com\/mileon\/wp-json\/wp\/v2\/categories?post=25481"},{"taxonomy":"post_tag","embeddable":true,"href":"https:\/\/www.icscyl.com\/mileon\/wp-json\/wp\/v2\/tags?post=25481"}],"curies":[{"name":"wp","href":"https:\/\/api.w.org\/{rel}","templated":true}]}}