{"id":25376,"date":"2023-01-17T10:13:00","date_gmt":"2023-01-17T09:13:00","guid":{"rendered":"https:\/\/www.icscyl.com\/mileon\/?p=25376"},"modified":"2023-01-14T13:20:12","modified_gmt":"2023-01-14T12:20:12","slug":"sesion-clinica-32-2022-anisakidosis","status":"publish","type":"post","link":"https:\/\/www.icscyl.com\/mileon\/sesiones-clinicas\/2023-01-17\/sesion-clinica-32-2022-anisakidosis\/","title":{"rendered":"Sesi\u00f3n cl\u00ednica 32\/2022: Anisakidosis"},"content":{"rendered":"<div class=\"wp-block-image\">\n<figure class=\"alignright size-full is-resized\"><img loading=\"lazy\" decoding=\"async\" src=\"https:\/\/www.icscyl.com\/mileon\/wp-content\/uploads\/2023\/01\/puzzle-g0a1bfbd3e_640.jpg\" alt=\"\" class=\"wp-image-25379\" width=\"180\" height=\"91\" srcset=\"https:\/\/www.icscyl.com\/mileon\/wp-content\/uploads\/2023\/01\/puzzle-g0a1bfbd3e_640.jpg 640w, https:\/\/www.icscyl.com\/mileon\/wp-content\/uploads\/2023\/01\/puzzle-g0a1bfbd3e_640-300x151.jpg 300w, https:\/\/www.icscyl.com\/mileon\/wp-content\/uploads\/2023\/01\/puzzle-g0a1bfbd3e_640-624x315.jpg 624w\" sizes=\"auto, (max-width: 180px) 100vw, 180px\" \/><\/figure>\n<\/div>\n\n\n<p>En esta ocasi\u00f3n un caso cl\u00ednico que se present\u00f3 el 19 de Octubre pasado que trataba sobre una paciente que ingresaba por dolor abdominal y distensi\u00f3n de asas de intestino delgado. El diagn\u00f3stico diferencial fue realizado por la Dra. Calvo (R2 de Medicina Interna) que repas\u00f3 las diferentes causas posibles as\u00ed como el manejo en cuanto a estudios a solicitar. La soluci\u00f3n la aport\u00f3 la Dra. Garc\u00eda Escudero; al presentar la paciente cifras elevadas de IgE frente a Anisakis, repasando esta entidad a continuaci\u00f3n. Sus presentaciones se encuentran disponibles en el enlace adjunto.<\/p>\n\n\n\n<div class=\"wp-block-file\"><a id=\"wp-block-file--media-63828f22-d228-4458-a00f-0751e4879c42\" href=\"https:\/\/www.icscyl.com\/mileon\/wp-content\/uploads\/2023\/01\/Dras-Calvo-y-Escudero-sesclin-Nov22-1.pdf\">Dras-Calvo-y-Escudero-sesclin-Nov22-1<\/a><a href=\"https:\/\/www.icscyl.com\/mileon\/wp-content\/uploads\/2023\/01\/Dras-Calvo-y-Escudero-sesclin-Nov22-1.pdf\" class=\"wp-block-file__button wp-element-button\" download aria-describedby=\"wp-block-file--media-63828f22-d228-4458-a00f-0751e4879c42\">Descarga<\/a><\/div>\n","protected":false},"excerpt":{"rendered":"<p>En esta ocasi\u00f3n un caso cl\u00ednico que se present\u00f3 el 19 de Octubre pasado que trataba sobre una paciente que ingresaba por dolor abdominal y distensi\u00f3n de asas de intestino delgado. El diagn\u00f3stico diferencial fue realizado por la Dra. Calvo (R2 de Medicina Interna) que repas\u00f3 las diferentes causas posibles as\u00ed como el manejo en [&hellip;]<\/p>\n","protected":false},"author":4,"featured_media":0,"comment_status":"open","ping_status":"open","sticky":false,"template":"","format":"standard","meta":{"jetpack_post_was_ever_published":false,"_jetpack_newsletter_access":"","_jetpack_dont_email_post_to_subs":false,"_jetpack_newsletter_tier_id":0,"_jetpack_memberships_contains_paywalled_content":false,"_jetpack_memberships_contains_paid_content":false,"footnotes":"","jetpack_publicize_message":"","jetpack_publicize_feature_enabled":true,"jetpack_social_post_already_shared":false,"jetpack_social_options":{"image_generator_settings":{"template":"highway","default_image_id":0,"font":"","enabled":false},"version":2}},"categories":[723],"tags":[839,1099],"class_list":["post-25376","post","type-post","status-publish","format-standard","hentry","category-sesiones-clinicas","tag-escudero","tag-calvo"],"jetpack_publicize_connections":[],"jetpack_featured_media_url":"","jetpack_sharing_enabled":true,"post_mailing_queue_ids":[],"_links":{"self":[{"href":"https:\/\/www.icscyl.com\/mileon\/wp-json\/wp\/v2\/posts\/25376","targetHints":{"allow":["GET"]}}],"collection":[{"href":"https:\/\/www.icscyl.com\/mileon\/wp-json\/wp\/v2\/posts"}],"about":[{"href":"https:\/\/www.icscyl.com\/mileon\/wp-json\/wp\/v2\/types\/post"}],"author":[{"embeddable":true,"href":"https:\/\/www.icscyl.com\/mileon\/wp-json\/wp\/v2\/users\/4"}],"replies":[{"embeddable":true,"href":"https:\/\/www.icscyl.com\/mileon\/wp-json\/wp\/v2\/comments?post=25376"}],"version-history":[{"count":0,"href":"https:\/\/www.icscyl.com\/mileon\/wp-json\/wp\/v2\/posts\/25376\/revisions"}],"wp:attachment":[{"href":"https:\/\/www.icscyl.com\/mileon\/wp-json\/wp\/v2\/media?parent=25376"}],"wp:term":[{"taxonomy":"category","embeddable":true,"href":"https:\/\/www.icscyl.com\/mileon\/wp-json\/wp\/v2\/categories?post=25376"},{"taxonomy":"post_tag","embeddable":true,"href":"https:\/\/www.icscyl.com\/mileon\/wp-json\/wp\/v2\/tags?post=25376"}],"curies":[{"name":"wp","href":"https:\/\/api.w.org\/{rel}","templated":true}]}}