{"id":25301,"date":"2022-10-11T09:26:00","date_gmt":"2022-10-11T07:26:00","guid":{"rendered":"https:\/\/www.icscyl.com\/mileon\/?p=25301"},"modified":"2022-10-08T20:31:05","modified_gmt":"2022-10-08T18:31:05","slug":"infeccion-por-helicobacter-pylori-2","status":"publish","type":"post","link":"https:\/\/www.icscyl.com\/mileon\/residentes\/2022-10-11\/infeccion-por-helicobacter-pylori-2\/","title":{"rendered":"Infecci\u00f3n por Helicobacter pylori"},"content":{"rendered":"<div class=\"wp-block-image\">\n<figure class=\"alignright size-full is-resized\"><img loading=\"lazy\" decoding=\"async\" src=\"https:\/\/www.icscyl.com\/mileon\/wp-content\/uploads\/2022\/10\/stomach-icon-g59bc1563f_640.png\" alt=\"\" class=\"wp-image-25303\" width=\"129\" height=\"129\" srcset=\"https:\/\/www.icscyl.com\/mileon\/wp-content\/uploads\/2022\/10\/stomach-icon-g59bc1563f_640.png 640w, https:\/\/www.icscyl.com\/mileon\/wp-content\/uploads\/2022\/10\/stomach-icon-g59bc1563f_640-300x300.png 300w, https:\/\/www.icscyl.com\/mileon\/wp-content\/uploads\/2022\/10\/stomach-icon-g59bc1563f_640-150x150.png 150w, https:\/\/www.icscyl.com\/mileon\/wp-content\/uploads\/2022\/10\/stomach-icon-g59bc1563f_640-624x624.png 624w\" sizes=\"auto, (max-width: 129px) 100vw, 129px\" \/><\/figure>\n<\/div>\n\n\n<p>Sesi\u00f3n presentada el pasado 26 de Septiembre por las Dras. Moreno y San Miguel (R2 de Medicina Familiar y Comunitaria), que repasaron la infecci\u00f3n por esta bacteriana, sus manifestaciones a nivel digestivo y extradigestivo, as\u00ed como las pruebas a realizar y a qu\u00e9 pacientes deber\u00edan realizarse, centr\u00e1ndose posteriormente en el manejo terap\u00e9utico as\u00ed como seguimiento\/comprobaci\u00f3n de erradicaci\u00f3n. Su presentaci\u00f3n se encuentra disponible a continuaci\u00f3n.<\/p>\n\n\n\n<div class=\"wp-block-file\"><a id=\"wp-block-file--media-edfca195-06dc-45f3-80f3-a9c9d9133b37\" href=\"https:\/\/www.icscyl.com\/mileon\/wp-content\/uploads\/2022\/10\/Dras-Moreno-y-San-Miguel-sesres-Sep22.pdf\">Dras-Moreno-y-San-Miguel-sesres-Sep22<\/a><a href=\"https:\/\/www.icscyl.com\/mileon\/wp-content\/uploads\/2022\/10\/Dras-Moreno-y-San-Miguel-sesres-Sep22.pdf\" class=\"wp-block-file__button\" download aria-describedby=\"wp-block-file--media-edfca195-06dc-45f3-80f3-a9c9d9133b37\">Descarga<\/a><\/div>\n","protected":false},"excerpt":{"rendered":"<p>Sesi\u00f3n presentada el pasado 26 de Septiembre por las Dras. Moreno y San Miguel (R2 de Medicina Familiar y Comunitaria), que repasaron la infecci\u00f3n por esta bacteriana, sus manifestaciones a nivel digestivo y extradigestivo, as\u00ed como las pruebas a realizar y a qu\u00e9 pacientes deber\u00edan realizarse, centr\u00e1ndose posteriormente en el manejo terap\u00e9utico as\u00ed como seguimiento\/comprobaci\u00f3n [&hellip;]<\/p>\n","protected":false},"author":4,"featured_media":0,"comment_status":"open","ping_status":"open","sticky":false,"template":"","format":"standard","meta":{"jetpack_post_was_ever_published":false,"_jetpack_newsletter_access":"","_jetpack_dont_email_post_to_subs":false,"_jetpack_newsletter_tier_id":0,"_jetpack_memberships_contains_paywalled_content":false,"_jetpack_memberships_contains_paid_content":false,"footnotes":"","jetpack_publicize_message":"","jetpack_publicize_feature_enabled":true,"jetpack_social_post_already_shared":false,"jetpack_social_options":{"image_generator_settings":{"template":"highway","default_image_id":0,"font":"","enabled":false},"version":2}},"categories":[721],"tags":[941,1113],"class_list":["post-25301","post","type-post","status-publish","format-standard","hentry","category-residentes","tag-moreno","tag-san-miguel"],"jetpack_publicize_connections":[],"jetpack_featured_media_url":"","jetpack_sharing_enabled":true,"post_mailing_queue_ids":[],"_links":{"self":[{"href":"https:\/\/www.icscyl.com\/mileon\/wp-json\/wp\/v2\/posts\/25301","targetHints":{"allow":["GET"]}}],"collection":[{"href":"https:\/\/www.icscyl.com\/mileon\/wp-json\/wp\/v2\/posts"}],"about":[{"href":"https:\/\/www.icscyl.com\/mileon\/wp-json\/wp\/v2\/types\/post"}],"author":[{"embeddable":true,"href":"https:\/\/www.icscyl.com\/mileon\/wp-json\/wp\/v2\/users\/4"}],"replies":[{"embeddable":true,"href":"https:\/\/www.icscyl.com\/mileon\/wp-json\/wp\/v2\/comments?post=25301"}],"version-history":[{"count":0,"href":"https:\/\/www.icscyl.com\/mileon\/wp-json\/wp\/v2\/posts\/25301\/revisions"}],"wp:attachment":[{"href":"https:\/\/www.icscyl.com\/mileon\/wp-json\/wp\/v2\/media?parent=25301"}],"wp:term":[{"taxonomy":"category","embeddable":true,"href":"https:\/\/www.icscyl.com\/mileon\/wp-json\/wp\/v2\/categories?post=25301"},{"taxonomy":"post_tag","embeddable":true,"href":"https:\/\/www.icscyl.com\/mileon\/wp-json\/wp\/v2\/tags?post=25301"}],"curies":[{"name":"wp","href":"https:\/\/api.w.org\/{rel}","templated":true}]}}