{"id":25042,"date":"2022-03-01T10:00:00","date_gmt":"2022-03-01T09:00:00","guid":{"rendered":"https:\/\/www.icscyl.com\/mileon\/?p=25042"},"modified":"2022-02-27T21:23:03","modified_gmt":"2022-02-27T20:23:03","slug":"manejo-de-la-fibrilacion-auricular-3","status":"publish","type":"post","link":"https:\/\/www.icscyl.com\/mileon\/residentes\/2022-03-01\/manejo-de-la-fibrilacion-auricular-3\/","title":{"rendered":"Manejo de la fibrilaci\u00f3n auricular"},"content":{"rendered":"\n<div class=\"wp-block-image\"><figure class=\"alignright size-large is-resized\"><img loading=\"lazy\" decoding=\"async\" src=\"https:\/\/www.icscyl.com\/mileon\/wp-content\/uploads\/2022\/02\/pulse-trace-gacc2db819_640.jpg\" alt=\"\" class=\"wp-image-25044\" width=\"181\" height=\"102\" srcset=\"https:\/\/www.icscyl.com\/mileon\/wp-content\/uploads\/2022\/02\/pulse-trace-gacc2db819_640.jpg 640w, https:\/\/www.icscyl.com\/mileon\/wp-content\/uploads\/2022\/02\/pulse-trace-gacc2db819_640-300x169.jpg 300w, https:\/\/www.icscyl.com\/mileon\/wp-content\/uploads\/2022\/02\/pulse-trace-gacc2db819_640-624x351.jpg 624w\" sizes=\"auto, (max-width: 181px) 100vw, 181px\" \/><\/figure><\/div>\n\n\n\n<p>Sesi\u00f3n de residentes presentada el pasado lunes por los Dres. Brime y Romero (R1 de Medicina Familiar y Comunitaria) que repasarona esta entidad, en relaci\u00f3n con la publicaci\u00f3n de las gu\u00edas europeas ESC 2020. Su presentaci\u00f3n conjunta se encuentra disponible a continuaci\u00f3n.<\/p>\n\n\n\n<div class=\"wp-block-file\"><a href=\"https:\/\/www.icscyl.com\/mileon\/wp-content\/uploads\/2022\/02\/Dres-Romero-y-Brime-sesres-Manejo-de-la-fibrilacion-auricular.pdf\">Dres-Romero-y-Brime-sesres-Manejo-de-la-fibrilacion-auricular<\/a><a href=\"https:\/\/www.icscyl.com\/mileon\/wp-content\/uploads\/2022\/02\/Dres-Romero-y-Brime-sesres-Manejo-de-la-fibrilacion-auricular.pdf\" class=\"wp-block-file__button\" download>Descarga<\/a><\/div>\n\n\n\n<p><\/p>\n","protected":false},"excerpt":{"rendered":"<p>Sesi\u00f3n de residentes presentada el pasado lunes por los Dres. Brime y Romero (R1 de Medicina Familiar y Comunitaria) que repasarona esta entidad, en relaci\u00f3n con la publicaci\u00f3n de las gu\u00edas europeas ESC 2020. Su presentaci\u00f3n conjunta se encuentra disponible a continuaci\u00f3n.<\/p>\n","protected":false},"author":4,"featured_media":0,"comment_status":"open","ping_status":"open","sticky":false,"template":"","format":"standard","meta":{"jetpack_post_was_ever_published":false,"_jetpack_newsletter_access":"","_jetpack_dont_email_post_to_subs":false,"_jetpack_newsletter_tier_id":0,"_jetpack_memberships_contains_paywalled_content":false,"_jetpack_memberships_contains_paid_content":false,"footnotes":"","jetpack_publicize_message":"","jetpack_publicize_feature_enabled":true,"jetpack_social_post_already_shared":false,"jetpack_social_options":{"image_generator_settings":{"template":"highway","default_image_id":0,"font":"","enabled":false},"version":2}},"categories":[721],"tags":[1098,1087],"class_list":["post-25042","post","type-post","status-publish","format-standard","hentry","category-residentes","tag-brime","tag-romero"],"jetpack_publicize_connections":[],"jetpack_featured_media_url":"","jetpack_sharing_enabled":true,"post_mailing_queue_ids":[],"_links":{"self":[{"href":"https:\/\/www.icscyl.com\/mileon\/wp-json\/wp\/v2\/posts\/25042","targetHints":{"allow":["GET"]}}],"collection":[{"href":"https:\/\/www.icscyl.com\/mileon\/wp-json\/wp\/v2\/posts"}],"about":[{"href":"https:\/\/www.icscyl.com\/mileon\/wp-json\/wp\/v2\/types\/post"}],"author":[{"embeddable":true,"href":"https:\/\/www.icscyl.com\/mileon\/wp-json\/wp\/v2\/users\/4"}],"replies":[{"embeddable":true,"href":"https:\/\/www.icscyl.com\/mileon\/wp-json\/wp\/v2\/comments?post=25042"}],"version-history":[{"count":0,"href":"https:\/\/www.icscyl.com\/mileon\/wp-json\/wp\/v2\/posts\/25042\/revisions"}],"wp:attachment":[{"href":"https:\/\/www.icscyl.com\/mileon\/wp-json\/wp\/v2\/media?parent=25042"}],"wp:term":[{"taxonomy":"category","embeddable":true,"href":"https:\/\/www.icscyl.com\/mileon\/wp-json\/wp\/v2\/categories?post=25042"},{"taxonomy":"post_tag","embeddable":true,"href":"https:\/\/www.icscyl.com\/mileon\/wp-json\/wp\/v2\/tags?post=25042"}],"curies":[{"name":"wp","href":"https:\/\/api.w.org\/{rel}","templated":true}]}}