{"id":24761,"date":"2020-12-13T21:17:40","date_gmt":"2020-12-13T20:17:40","guid":{"rendered":"https:\/\/www.icscyl.com\/mileon\/?p=24761"},"modified":"2020-12-13T21:18:26","modified_gmt":"2020-12-13T20:18:26","slug":"sesion-covid19-un-mar-de-dudas","status":"publish","type":"post","link":"https:\/\/www.icscyl.com\/mileon\/sesiones-bibliograficas\/2020-12-13\/sesion-covid19-un-mar-de-dudas\/","title":{"rendered":"COVID19  \u00abun mar de dudas\u00bb"},"content":{"rendered":"\n<div class=\"wp-block-image\"><figure class=\"alignright size-large\"><img loading=\"lazy\" decoding=\"async\" width=\"270\" height=\"162\" src=\"https:\/\/www.icscyl.com\/mileon\/wp-content\/uploads\/2020\/12\/imagen.jpg\" alt=\"\" class=\"wp-image-24762\"\/><\/figure><\/div>\n\n\n\n<p>El 1 de diciembre de 2020 hubo una sesi\u00f3n bibliogr\u00e1fica sobre el Covid19 a petici\u00f3n del Servicio ante las dudas que se plantean en el d\u00eda d\u00eda con el manejo de los pacientes. Partiendo que poco queda por decir o leer sobre esta enfermedad, se dividi\u00f3 en dos partes. Por un lado el diagnostico basado en las PCRs y en lo que se hace en nuestro Hospital (contando con la colaboraci\u00f3n del Servicio de Microbiolog\u00eda) y que me correspondi\u00f3 dar (Dr. Alberto Mor\u00e1n Blanco; adjunto MI) y por el otro, el tratamiento que fue actualizado por el Dr. Jose Manuel Guerra Laso (adjunto MI).<\/p>\n\n\n\n<p>La presentaci\u00f3n se puede ver en el siguiente <a href=\"https:\/\/www.icscyl.com\/mileon\/wp-content\/uploads\/2020\/12\/covid19-sesbibli-dic20.pdf\">enlace<\/a>.<\/p>\n","protected":false},"excerpt":{"rendered":"<p>El 1 de diciembre de 2020 hubo una sesi\u00f3n bibliogr\u00e1fica sobre el Covid19 a petici\u00f3n del Servicio ante las dudas que se plantean en el d\u00eda d\u00eda con el manejo de los pacientes. Partiendo que poco queda por decir o leer sobre esta enfermedad, se dividi\u00f3 en dos partes. Por un lado el diagnostico basado [&hellip;]<\/p>\n","protected":false},"author":6,"featured_media":0,"comment_status":"open","ping_status":"open","sticky":false,"template":"","format":"standard","meta":{"jetpack_post_was_ever_published":false,"_jetpack_newsletter_access":"","_jetpack_dont_email_post_to_subs":false,"_jetpack_newsletter_tier_id":0,"_jetpack_memberships_contains_paywalled_content":false,"_jetpack_memberships_contains_paid_content":false,"footnotes":"","jetpack_publicize_message":"","jetpack_publicize_feature_enabled":true,"jetpack_social_post_already_shared":false,"jetpack_social_options":{"image_generator_settings":{"template":"highway","default_image_id":0,"font":"","enabled":false},"version":2}},"categories":[722],"tags":[861,940],"class_list":["post-24761","post","type-post","status-publish","format-standard","hentry","category-sesiones-bibliograficas","tag-guerra","tag-moran"],"jetpack_publicize_connections":[],"jetpack_featured_media_url":"","jetpack_sharing_enabled":true,"post_mailing_queue_ids":[],"_links":{"self":[{"href":"https:\/\/www.icscyl.com\/mileon\/wp-json\/wp\/v2\/posts\/24761","targetHints":{"allow":["GET"]}}],"collection":[{"href":"https:\/\/www.icscyl.com\/mileon\/wp-json\/wp\/v2\/posts"}],"about":[{"href":"https:\/\/www.icscyl.com\/mileon\/wp-json\/wp\/v2\/types\/post"}],"author":[{"embeddable":true,"href":"https:\/\/www.icscyl.com\/mileon\/wp-json\/wp\/v2\/users\/6"}],"replies":[{"embeddable":true,"href":"https:\/\/www.icscyl.com\/mileon\/wp-json\/wp\/v2\/comments?post=24761"}],"version-history":[{"count":0,"href":"https:\/\/www.icscyl.com\/mileon\/wp-json\/wp\/v2\/posts\/24761\/revisions"}],"wp:attachment":[{"href":"https:\/\/www.icscyl.com\/mileon\/wp-json\/wp\/v2\/media?parent=24761"}],"wp:term":[{"taxonomy":"category","embeddable":true,"href":"https:\/\/www.icscyl.com\/mileon\/wp-json\/wp\/v2\/categories?post=24761"},{"taxonomy":"post_tag","embeddable":true,"href":"https:\/\/www.icscyl.com\/mileon\/wp-json\/wp\/v2\/tags?post=24761"}],"curies":[{"name":"wp","href":"https:\/\/api.w.org\/{rel}","templated":true}]}}