{"id":24679,"date":"2020-02-16T20:38:53","date_gmt":"2020-02-16T19:38:53","guid":{"rendered":"https:\/\/www.icscyl.com\/mileon\/?p=24679"},"modified":"2020-02-16T20:38:53","modified_gmt":"2020-02-16T19:38:53","slug":"sintomas-de-baja-explicabilidad-organica-experiencia-en-el-hospital-de-leon","status":"publish","type":"post","link":"https:\/\/www.icscyl.com\/mileon\/maitines\/2020-02-16\/sintomas-de-baja-explicabilidad-organica-experiencia-en-el-hospital-de-leon\/","title":{"rendered":"S\u00edntomas de baja explicabilidad org\u00e1nica. Experiencia en el Hospital de Le\u00f3n."},"content":{"rendered":"\n<div class=\"wp-block-image\"><figure class=\"alignright size-large is-resized\"><img loading=\"lazy\" decoding=\"async\" src=\"https:\/\/www.icscyl.com\/mileon\/wp-content\/uploads\/2020\/02\/Imagen1-1.jpg\" alt=\"\" class=\"wp-image-24680\" width=\"264\" height=\"186\" srcset=\"https:\/\/www.icscyl.com\/mileon\/wp-content\/uploads\/2020\/02\/Imagen1-1.jpg 428w, https:\/\/www.icscyl.com\/mileon\/wp-content\/uploads\/2020\/02\/Imagen1-1-300x212.jpg 300w\" sizes=\"auto, (max-width: 264px) 100vw, 264px\" \/><\/figure><\/div>\n\n\n\n<p>El pasado martes 11 de Febrero abord\u00f3 este tema el Dr. Antonio Serrano, del S\u00ba de Psiquiatr\u00eda.  Se centra en aquellos s\u00edntomas f\u00edsicos que presentan escasa (o ninguna) base de responder a una enfermedad org\u00e1nica subyacente. La presentaci\u00f3n describe la incidencia, su repercusi\u00f3n en la asistencia diaria y la elevada frecuentaci\u00f3n. Se analizan los problemas para abordar su manejo y el diagn\u00f3stico diferencial con otros cuadros estrechamente relacionados como la hipocondr\u00eda o la simulaci\u00f3n. Se platean escalas \u00fatiles para manejar este problema y orientar su origen, y se insiste en la necesidad de comunicaci\u00f3n entre los profesionales que tratan al paciente. Para acabar, un repaso sobre las opciones terap\u00e9uticas.<\/p>\n\n\n\n<div class=\"wp-block-file\"><a href=\"https:\/\/www.icscyl.com\/mileon\/wp-content\/uploads\/2020\/02\/S\u00edndromes-de-baja-explicabilidad-org\u00e1nica.pdf\">S\u00edndromes-de-baja-explicabilidad-org\u00e1nica<\/a><a href=\"https:\/\/www.icscyl.com\/mileon\/wp-content\/uploads\/2020\/02\/S\u00edndromes-de-baja-explicabilidad-org\u00e1nica.pdf\" class=\"wp-block-file__button\" download>Descarga<\/a><\/div>\n\n\n\n<p><\/p>\n","protected":false},"excerpt":{"rendered":"<p>El pasado martes 11 de Febrero abord\u00f3 este tema el Dr. Antonio Serrano, del S\u00ba de Psiquiatr\u00eda. Se centra en aquellos s\u00edntomas f\u00edsicos que presentan escasa (o ninguna) base de responder a una enfermedad org\u00e1nica subyacente. La presentaci\u00f3n describe la incidencia, su repercusi\u00f3n en la asistencia diaria y la elevada frecuentaci\u00f3n. Se analizan los problemas [&hellip;]<\/p>\n","protected":false},"author":5,"featured_media":0,"comment_status":"open","ping_status":"open","sticky":false,"template":"","format":"standard","meta":{"jetpack_post_was_ever_published":false,"_jetpack_newsletter_access":"","_jetpack_dont_email_post_to_subs":false,"_jetpack_newsletter_tier_id":0,"_jetpack_memberships_contains_paywalled_content":false,"_jetpack_memberships_contains_paid_content":false,"footnotes":"","jetpack_publicize_message":"","jetpack_publicize_feature_enabled":true,"jetpack_social_post_already_shared":false,"jetpack_social_options":{"image_generator_settings":{"template":"highway","default_image_id":0,"font":"","enabled":false},"version":2}},"categories":[715],"tags":[],"class_list":["post-24679","post","type-post","status-publish","format-standard","hentry","category-maitines"],"jetpack_publicize_connections":[],"jetpack_featured_media_url":"","jetpack_sharing_enabled":true,"post_mailing_queue_ids":[],"_links":{"self":[{"href":"https:\/\/www.icscyl.com\/mileon\/wp-json\/wp\/v2\/posts\/24679","targetHints":{"allow":["GET"]}}],"collection":[{"href":"https:\/\/www.icscyl.com\/mileon\/wp-json\/wp\/v2\/posts"}],"about":[{"href":"https:\/\/www.icscyl.com\/mileon\/wp-json\/wp\/v2\/types\/post"}],"author":[{"embeddable":true,"href":"https:\/\/www.icscyl.com\/mileon\/wp-json\/wp\/v2\/users\/5"}],"replies":[{"embeddable":true,"href":"https:\/\/www.icscyl.com\/mileon\/wp-json\/wp\/v2\/comments?post=24679"}],"version-history":[{"count":0,"href":"https:\/\/www.icscyl.com\/mileon\/wp-json\/wp\/v2\/posts\/24679\/revisions"}],"wp:attachment":[{"href":"https:\/\/www.icscyl.com\/mileon\/wp-json\/wp\/v2\/media?parent=24679"}],"wp:term":[{"taxonomy":"category","embeddable":true,"href":"https:\/\/www.icscyl.com\/mileon\/wp-json\/wp\/v2\/categories?post=24679"},{"taxonomy":"post_tag","embeddable":true,"href":"https:\/\/www.icscyl.com\/mileon\/wp-json\/wp\/v2\/tags?post=24679"}],"curies":[{"name":"wp","href":"https:\/\/api.w.org\/{rel}","templated":true}]}}