{"id":24610,"date":"2020-01-26T19:25:30","date_gmt":"2020-01-26T18:25:30","guid":{"rendered":"https:\/\/www.icscyl.com\/mileon\/?p=24610"},"modified":"2020-01-26T19:25:30","modified_gmt":"2020-01-26T18:25:30","slug":"probioticos","status":"publish","type":"post","link":"https:\/\/www.icscyl.com\/mileon\/sesiones-bibliograficas\/2020-01-26\/probioticos\/","title":{"rendered":"Probi\u00f3ticos."},"content":{"rendered":"\n<div class=\"wp-block-image\"><figure class=\"alignright size-large is-resized\"><img loading=\"lazy\" decoding=\"async\" src=\"https:\/\/www.icscyl.com\/mileon\/wp-content\/uploads\/2020\/01\/Imagen1-2.jpg\" alt=\"\" class=\"wp-image-24612\" width=\"169\" height=\"168\" srcset=\"https:\/\/www.icscyl.com\/mileon\/wp-content\/uploads\/2020\/01\/Imagen1-2.jpg 227w, https:\/\/www.icscyl.com\/mileon\/wp-content\/uploads\/2020\/01\/Imagen1-2-150x150.jpg 150w\" sizes=\"auto, (max-width: 169px) 100vw, 169px\" \/><\/figure><\/div>\n\n\n\n<p>La Dra. Sandra D\u00edez, R1 del S\u00ba de Digestivo, revis\u00f3 el tema de los Probi\u00f3ticos en su Sesi\u00f3n Bibliogr\u00e1fica del 20 de Enero. Se aclaran las definiciones de Probi\u00f3ticos, Prebi\u00f3ticos y Simbi\u00f3ticos y se destaca la importancia de la alteraci\u00f3n de la microbiota en diferentes enfermedades. A continuaci\u00f3n se describen los tipos de probi\u00f3ticos, sus mecanismos de acci\u00f3n y las formas de administraci\u00f3n. Por \u00faltimo, se hace una revisi\u00f3n detallada de su aplicaci\u00f3n en cada patolog\u00eda, con la salvedad de lo dif\u00edcil que es dar normas generales de dosis, aplicaci\u00f3n y duraci\u00f3n.<\/p>\n\n\n\n<div class=\"wp-block-file\"><a href=\"https:\/\/www.icscyl.com\/mileon\/wp-content\/uploads\/2020\/01\/PROBI\u00d3TICOS-20-1-20.pdf\">PROBI\u00d3TICOS-20-1-20<\/a><a href=\"https:\/\/www.icscyl.com\/mileon\/wp-content\/uploads\/2020\/01\/PROBI\u00d3TICOS-20-1-20.pdf\" class=\"wp-block-file__button\" download>Descarga<\/a><\/div>\n","protected":false},"excerpt":{"rendered":"<p>La Dra. Sandra D\u00edez, R1 del S\u00ba de Digestivo, revis\u00f3 el tema de los Probi\u00f3ticos en su Sesi\u00f3n Bibliogr\u00e1fica del 20 de Enero. Se aclaran las definiciones de Probi\u00f3ticos, Prebi\u00f3ticos y Simbi\u00f3ticos y se destaca la importancia de la alteraci\u00f3n de la microbiota en diferentes enfermedades. A continuaci\u00f3n se describen los tipos de probi\u00f3ticos, sus [&hellip;]<\/p>\n","protected":false},"author":5,"featured_media":0,"comment_status":"open","ping_status":"open","sticky":false,"template":"","format":"standard","meta":{"jetpack_post_was_ever_published":false,"_jetpack_newsletter_access":"","_jetpack_dont_email_post_to_subs":false,"_jetpack_newsletter_tier_id":0,"_jetpack_memberships_contains_paywalled_content":false,"_jetpack_memberships_contains_paid_content":false,"footnotes":"","jetpack_publicize_message":"","jetpack_publicize_feature_enabled":true,"jetpack_social_post_already_shared":false,"jetpack_social_options":{"image_generator_settings":{"template":"highway","default_image_id":0,"font":"","enabled":false},"version":2}},"categories":[722],"tags":[],"class_list":["post-24610","post","type-post","status-publish","format-standard","hentry","category-sesiones-bibliograficas"],"jetpack_publicize_connections":[],"jetpack_featured_media_url":"","jetpack_sharing_enabled":true,"post_mailing_queue_ids":[],"_links":{"self":[{"href":"https:\/\/www.icscyl.com\/mileon\/wp-json\/wp\/v2\/posts\/24610","targetHints":{"allow":["GET"]}}],"collection":[{"href":"https:\/\/www.icscyl.com\/mileon\/wp-json\/wp\/v2\/posts"}],"about":[{"href":"https:\/\/www.icscyl.com\/mileon\/wp-json\/wp\/v2\/types\/post"}],"author":[{"embeddable":true,"href":"https:\/\/www.icscyl.com\/mileon\/wp-json\/wp\/v2\/users\/5"}],"replies":[{"embeddable":true,"href":"https:\/\/www.icscyl.com\/mileon\/wp-json\/wp\/v2\/comments?post=24610"}],"version-history":[{"count":0,"href":"https:\/\/www.icscyl.com\/mileon\/wp-json\/wp\/v2\/posts\/24610\/revisions"}],"wp:attachment":[{"href":"https:\/\/www.icscyl.com\/mileon\/wp-json\/wp\/v2\/media?parent=24610"}],"wp:term":[{"taxonomy":"category","embeddable":true,"href":"https:\/\/www.icscyl.com\/mileon\/wp-json\/wp\/v2\/categories?post=24610"},{"taxonomy":"post_tag","embeddable":true,"href":"https:\/\/www.icscyl.com\/mileon\/wp-json\/wp\/v2\/tags?post=24610"}],"curies":[{"name":"wp","href":"https:\/\/api.w.org\/{rel}","templated":true}]}}