{"id":24423,"date":"2019-11-02T10:56:18","date_gmt":"2019-11-02T09:56:18","guid":{"rendered":"https:\/\/www.icscyl.com\/mileon\/?p=24423"},"modified":"2019-11-02T10:56:18","modified_gmt":"2019-11-02T09:56:18","slug":"sesion-residentes-manejo-clinico-terapeutico-del-tabaco","status":"publish","type":"post","link":"https:\/\/www.icscyl.com\/mileon\/residentes\/2019-11-02\/sesion-residentes-manejo-clinico-terapeutico-del-tabaco\/","title":{"rendered":"Sesi\u00f3n residentes: Manejo cl\u00ednico-terap\u00e9utico del tabaco."},"content":{"rendered":"\n<div class=\"wp-block-image\"><figure class=\"alignright is-resized\"><img loading=\"lazy\" decoding=\"async\" src=\"https:\/\/www.icscyl.com\/mileon\/wp-content\/uploads\/2019\/11\/Imagen.jpg\" alt=\"\" class=\"wp-image-24424\" width=\"119\" height=\"120\" srcset=\"https:\/\/www.icscyl.com\/mileon\/wp-content\/uploads\/2019\/11\/Imagen.jpg 185w, https:\/\/www.icscyl.com\/mileon\/wp-content\/uploads\/2019\/11\/Imagen-150x150.jpg 150w\" sizes=\"auto, (max-width: 119px) 100vw, 119px\" \/><\/figure><\/div>\n\n\n\n<p>El d\u00eda 28 de octubre de 2019 las Dras. Luc\u00eda Fern\u00e1ndez de Dios y Andrea Bauer Garc\u00eda (Residentes de primer a\u00f1o de MFyC) nos hablaron del manejo del tabaco.<br>En nuestro Pa\u00eds todav\u00eda fuma un 22% de la poblaci\u00f3n y recordemos que es el tabaco la primera causa de muerte evitable en los pa\u00edses desarrollados. Cualquier momento es adecuado para recomendar su abandono, requiriendo terapia conductal y farmacol\u00f3gica. No debemos caer en el error de pensar que una \u201cpastilla\u201d es suficiente. Y hay que tener en cuenta que las nuevas formas de fumar son igual de nocivas.<\/p>\n\n\n\n<p>Su presentaci\u00f3n conjunta se puede visualizar en este <a href=\"https:\/\/www.icscyl.com\/mileon\/wp-content\/uploads\/2019\/11\/dra-lucia-dra-andrea-sesresis-oct19.pdf\"><strong><em>enlace<\/em><\/strong><\/a><\/p>\n","protected":false},"excerpt":{"rendered":"<p>El d\u00eda 28 de octubre de 2019 las Dras. Luc\u00eda Fern\u00e1ndez de Dios y Andrea Bauer Garc\u00eda (Residentes de primer a\u00f1o de MFyC) nos hablaron del manejo del tabaco.En nuestro Pa\u00eds todav\u00eda fuma un 22% de la poblaci\u00f3n y recordemos que es el tabaco la primera causa de muerte evitable en los pa\u00edses desarrollados. Cualquier [&hellip;]<\/p>\n","protected":false},"author":6,"featured_media":0,"comment_status":"open","ping_status":"open","sticky":false,"template":"","format":"standard","meta":{"jetpack_post_was_ever_published":false,"_jetpack_newsletter_access":"","_jetpack_dont_email_post_to_subs":false,"_jetpack_newsletter_tier_id":0,"_jetpack_memberships_contains_paywalled_content":false,"_jetpack_memberships_contains_paid_content":false,"footnotes":"","jetpack_publicize_message":"","jetpack_publicize_feature_enabled":true,"jetpack_social_post_already_shared":false,"jetpack_social_options":{"image_generator_settings":{"template":"highway","default_image_id":0,"font":"","enabled":false},"version":2}},"categories":[721],"tags":[746,905],"class_list":["post-24423","post","type-post","status-publish","format-standard","hentry","category-residentes","tag-andrea","tag-lucia"],"jetpack_publicize_connections":[],"jetpack_featured_media_url":"","jetpack_sharing_enabled":true,"post_mailing_queue_ids":[],"_links":{"self":[{"href":"https:\/\/www.icscyl.com\/mileon\/wp-json\/wp\/v2\/posts\/24423","targetHints":{"allow":["GET"]}}],"collection":[{"href":"https:\/\/www.icscyl.com\/mileon\/wp-json\/wp\/v2\/posts"}],"about":[{"href":"https:\/\/www.icscyl.com\/mileon\/wp-json\/wp\/v2\/types\/post"}],"author":[{"embeddable":true,"href":"https:\/\/www.icscyl.com\/mileon\/wp-json\/wp\/v2\/users\/6"}],"replies":[{"embeddable":true,"href":"https:\/\/www.icscyl.com\/mileon\/wp-json\/wp\/v2\/comments?post=24423"}],"version-history":[{"count":0,"href":"https:\/\/www.icscyl.com\/mileon\/wp-json\/wp\/v2\/posts\/24423\/revisions"}],"wp:attachment":[{"href":"https:\/\/www.icscyl.com\/mileon\/wp-json\/wp\/v2\/media?parent=24423"}],"wp:term":[{"taxonomy":"category","embeddable":true,"href":"https:\/\/www.icscyl.com\/mileon\/wp-json\/wp\/v2\/categories?post=24423"},{"taxonomy":"post_tag","embeddable":true,"href":"https:\/\/www.icscyl.com\/mileon\/wp-json\/wp\/v2\/tags?post=24423"}],"curies":[{"name":"wp","href":"https:\/\/api.w.org\/{rel}","templated":true}]}}