{"id":24399,"date":"2019-10-23T21:11:31","date_gmt":"2019-10-23T19:11:31","guid":{"rendered":"https:\/\/www.icscyl.com\/mileon\/?p=24399"},"modified":"2019-10-23T21:11:31","modified_gmt":"2019-10-23T19:11:31","slug":"esclerosis-solitaria-progresiva","status":"publish","type":"post","link":"https:\/\/www.icscyl.com\/mileon\/sin-categoria\/2019-10-23\/esclerosis-solitaria-progresiva\/","title":{"rendered":"Esclerosis Solitaria Progresiva."},"content":{"rendered":"\n<div class=\"wp-block-image\"><figure class=\"alignright is-resized\"><img loading=\"lazy\" decoding=\"async\" src=\"https:\/\/www.icscyl.com\/mileon\/wp-content\/uploads\/2019\/10\/Imagen1.png\" alt=\"\" class=\"wp-image-24400\" width=\"273\" height=\"297\" srcset=\"https:\/\/www.icscyl.com\/mileon\/wp-content\/uploads\/2019\/10\/Imagen1.png 636w, https:\/\/www.icscyl.com\/mileon\/wp-content\/uploads\/2019\/10\/Imagen1-276x300.png 276w, https:\/\/www.icscyl.com\/mileon\/wp-content\/uploads\/2019\/10\/Imagen1-624x679.png 624w\" sizes=\"auto, (max-width: 273px) 100vw, 273px\" \/><\/figure><\/div>\n\n\n\n<p>En la Sesi\u00f3n del pasado 8 de Octubre, el Dr. Luis Hern\u00e1ndez, neur\u00f3logo de nuestro Hospital, revis\u00f3 esta entidad. Se trata de una patolog\u00eda poco conocida, con una primera descripci\u00f3n en 1990 pero que cobra mayor importancia a partir del an\u00e1lisis de 7 casos retrospectivos publicados en 2012. Su caracter\u00edstica principal es el ser una lesi\u00f3n desmielinizante \u00fanica. En la presentaci\u00f3n se plantea la clasificaci\u00f3n actual de las formas de EM y se analizan las similitudes y diferencias con esta entidad. <\/p>\n\n\n\n<div class=\"wp-block-file\"><a href=\"https:\/\/www.icscyl.com\/mileon\/wp-content\/uploads\/2019\/10\/ESCLEROSIS-SOLITARIA-2.pdf\">ESCLEROSIS-SOLITARIA-2<\/a><a href=\"https:\/\/www.icscyl.com\/mileon\/wp-content\/uploads\/2019\/10\/ESCLEROSIS-SOLITARIA-2.pdf\" class=\"wp-block-file__button\" download>Descarga<\/a><\/div>\n\n\n\n<p><\/p>\n","protected":false},"excerpt":{"rendered":"<p>En la Sesi\u00f3n del pasado 8 de Octubre, el Dr. Luis Hern\u00e1ndez, neur\u00f3logo de nuestro Hospital, revis\u00f3 esta entidad. Se trata de una patolog\u00eda poco conocida, con una primera descripci\u00f3n en 1990 pero que cobra mayor importancia a partir del an\u00e1lisis de 7 casos retrospectivos publicados en 2012. Su caracter\u00edstica principal es el ser una [&hellip;]<\/p>\n","protected":false},"author":5,"featured_media":0,"comment_status":"open","ping_status":"open","sticky":false,"template":"","format":"standard","meta":{"jetpack_post_was_ever_published":false,"_jetpack_newsletter_access":"","_jetpack_dont_email_post_to_subs":false,"_jetpack_newsletter_tier_id":0,"_jetpack_memberships_contains_paywalled_content":false,"_jetpack_memberships_contains_paid_content":false,"footnotes":"","jetpack_publicize_message":"","jetpack_publicize_feature_enabled":true,"jetpack_social_post_already_shared":false,"jetpack_social_options":{"image_generator_settings":{"template":"highway","default_image_id":0,"font":"","enabled":false},"version":2}},"categories":[715,1],"tags":[866],"class_list":["post-24399","post","type-post","status-publish","format-standard","hentry","category-maitines","category-sin-categoria","tag-hernandez"],"jetpack_publicize_connections":[],"jetpack_featured_media_url":"","jetpack_sharing_enabled":true,"post_mailing_queue_ids":[],"_links":{"self":[{"href":"https:\/\/www.icscyl.com\/mileon\/wp-json\/wp\/v2\/posts\/24399","targetHints":{"allow":["GET"]}}],"collection":[{"href":"https:\/\/www.icscyl.com\/mileon\/wp-json\/wp\/v2\/posts"}],"about":[{"href":"https:\/\/www.icscyl.com\/mileon\/wp-json\/wp\/v2\/types\/post"}],"author":[{"embeddable":true,"href":"https:\/\/www.icscyl.com\/mileon\/wp-json\/wp\/v2\/users\/5"}],"replies":[{"embeddable":true,"href":"https:\/\/www.icscyl.com\/mileon\/wp-json\/wp\/v2\/comments?post=24399"}],"version-history":[{"count":0,"href":"https:\/\/www.icscyl.com\/mileon\/wp-json\/wp\/v2\/posts\/24399\/revisions"}],"wp:attachment":[{"href":"https:\/\/www.icscyl.com\/mileon\/wp-json\/wp\/v2\/media?parent=24399"}],"wp:term":[{"taxonomy":"category","embeddable":true,"href":"https:\/\/www.icscyl.com\/mileon\/wp-json\/wp\/v2\/categories?post=24399"},{"taxonomy":"post_tag","embeddable":true,"href":"https:\/\/www.icscyl.com\/mileon\/wp-json\/wp\/v2\/tags?post=24399"}],"curies":[{"name":"wp","href":"https:\/\/api.w.org\/{rel}","templated":true}]}}