{"id":24323,"date":"2019-10-15T08:34:06","date_gmt":"2019-10-15T06:34:06","guid":{"rendered":"https:\/\/www.icscyl.com\/mileon\/?p=24323"},"modified":"2019-10-20T19:26:56","modified_gmt":"2019-10-20T17:26:56","slug":"sesion-clinica-31-2019-trastorno-somatomorfo","status":"publish","type":"post","link":"https:\/\/www.icscyl.com\/mileon\/sesiones-clinicas\/2019-10-15\/sesion-clinica-31-2019-trastorno-somatomorfo\/","title":{"rendered":"Sesi\u00f3n cl\u00ednica 31\/2019: Trastorno somatomorfo"},"content":{"rendered":"\n<div class=\"wp-block-image\"><figure class=\"alignright is-resized\"><img loading=\"lazy\" decoding=\"async\" src=\"https:\/\/www.icscyl.com\/mileon\/wp-content\/uploads\/2019\/10\/\u00edndice.jpg\" alt=\"\" class=\"wp-image-24325\" width=\"102\" height=\"131\"\/><\/figure><\/div>\n\n\n\n<p>La sesi\u00f3n cl\u00ednica de la pasada semana sobre un paciente con un cuadro de disfagia de 4 meses de evoluci\u00f3n. El diagn\u00f3stico diferencial fue realizado por la Dra. Egea (R2) que coment\u00f3 las distintas posibilidades diagn\u00f3sticas centr\u00e1ndose en la disfagia. A continuaci\u00f3n la Dra. Magaz coment\u00f3 la evoluci\u00f3n, realizando m\u00faltiples pruebas durante el ingreso todas ellas negativas, descartando causas neurol\u00f3gicas principalmente, ya que el trastorno orientaba a una disfagia orofar\u00edngea. Finalmente fue valorado por Psiquiatr\u00eda que estableci\u00f3 el diagn\u00f3stico de trastorno somatomorfo y con tratamiento antidepresivo el cuadro cl\u00ednico se ha resuelto.<\/p>\n\n\n\n<div class=\"wp-block-file\"><a href=\"https:\/\/www.icscyl.com\/mileon\/wp-content\/uploads\/2019\/10\/Caso-9.10.pdf\">Dra Egea sesclin Oct19<\/a><a href=\"https:\/\/www.icscyl.com\/mileon\/wp-content\/uploads\/2019\/10\/Caso-9.10.pdf\" class=\"wp-block-file__button\" download>Descarga<\/a><\/div>\n\n\n\n<div class=\"wp-block-file\"><a href=\"https:\/\/www.icscyl.com\/mileon\/wp-content\/uploads\/2019\/10\/Dra-Magaz-sesclin-Oct19.pdf\">Dra-Magaz-sesclin-Oct19<\/a><a href=\"https:\/\/www.icscyl.com\/mileon\/wp-content\/uploads\/2019\/10\/Dra-Magaz-sesclin-Oct19.pdf\" class=\"wp-block-file__button\" download>Descarga<\/a><\/div>\n","protected":false},"excerpt":{"rendered":"<p>La sesi\u00f3n cl\u00ednica de la pasada semana sobre un paciente con un cuadro de disfagia de 4 meses de evoluci\u00f3n. El diagn\u00f3stico diferencial fue realizado por la Dra. Egea (R2) que coment\u00f3 las distintas posibilidades diagn\u00f3sticas centr\u00e1ndose en la disfagia. A continuaci\u00f3n la Dra. Magaz coment\u00f3 la evoluci\u00f3n, realizando m\u00faltiples pruebas durante el ingreso todas [&hellip;]<\/p>\n","protected":false},"author":4,"featured_media":0,"comment_status":"open","ping_status":"open","sticky":false,"template":"","format":"standard","meta":{"jetpack_post_was_ever_published":false,"_jetpack_newsletter_access":"","_jetpack_dont_email_post_to_subs":false,"_jetpack_newsletter_tier_id":0,"_jetpack_memberships_contains_paywalled_content":false,"_jetpack_memberships_contains_paid_content":false,"footnotes":"","jetpack_publicize_message":"","jetpack_publicize_feature_enabled":true,"jetpack_social_post_already_shared":false,"jetpack_social_options":{"image_generator_settings":{"template":"highway","default_image_id":0,"font":"","enabled":false},"version":2}},"categories":[723],"tags":[911],"class_list":["post-24323","post","type-post","status-publish","format-standard","hentry","category-sesiones-clinicas","tag-magaz"],"jetpack_publicize_connections":[],"jetpack_featured_media_url":"","jetpack_sharing_enabled":true,"post_mailing_queue_ids":[],"_links":{"self":[{"href":"https:\/\/www.icscyl.com\/mileon\/wp-json\/wp\/v2\/posts\/24323","targetHints":{"allow":["GET"]}}],"collection":[{"href":"https:\/\/www.icscyl.com\/mileon\/wp-json\/wp\/v2\/posts"}],"about":[{"href":"https:\/\/www.icscyl.com\/mileon\/wp-json\/wp\/v2\/types\/post"}],"author":[{"embeddable":true,"href":"https:\/\/www.icscyl.com\/mileon\/wp-json\/wp\/v2\/users\/4"}],"replies":[{"embeddable":true,"href":"https:\/\/www.icscyl.com\/mileon\/wp-json\/wp\/v2\/comments?post=24323"}],"version-history":[{"count":0,"href":"https:\/\/www.icscyl.com\/mileon\/wp-json\/wp\/v2\/posts\/24323\/revisions"}],"wp:attachment":[{"href":"https:\/\/www.icscyl.com\/mileon\/wp-json\/wp\/v2\/media?parent=24323"}],"wp:term":[{"taxonomy":"category","embeddable":true,"href":"https:\/\/www.icscyl.com\/mileon\/wp-json\/wp\/v2\/categories?post=24323"},{"taxonomy":"post_tag","embeddable":true,"href":"https:\/\/www.icscyl.com\/mileon\/wp-json\/wp\/v2\/tags?post=24323"}],"curies":[{"name":"wp","href":"https:\/\/api.w.org\/{rel}","templated":true}]}}