{"id":24260,"date":"2019-09-17T22:30:30","date_gmt":"2019-09-17T20:30:30","guid":{"rendered":"https:\/\/www.icscyl.com\/mileon\/?p=24260"},"modified":"2019-09-17T22:14:02","modified_gmt":"2019-09-17T20:14:02","slug":"sesion-clinica-26-2019-perforacion-de-sigma","status":"publish","type":"post","link":"https:\/\/www.icscyl.com\/mileon\/sesiones-clinicas\/2019-09-17\/sesion-clinica-26-2019-perforacion-de-sigma\/","title":{"rendered":"Sesi\u00f3n cl\u00ednica 26\/2019: Perforaci\u00f3n de sigma"},"content":{"rendered":"\n<div class=\"wp-block-image\"><figure class=\"alignright is-resized\"><img loading=\"lazy\" decoding=\"async\" src=\"https:\/\/www.icscyl.com\/mileon\/wp-content\/uploads\/2019\/09\/perf.diab_.jpg\" alt=\"\" class=\"wp-image-24264\" width=\"159\" height=\"119\" srcset=\"https:\/\/www.icscyl.com\/mileon\/wp-content\/uploads\/2019\/09\/perf.diab_.jpg 400w, https:\/\/www.icscyl.com\/mileon\/wp-content\/uploads\/2019\/09\/perf.diab_-300x225.jpg 300w\" sizes=\"auto, (max-width: 159px) 100vw, 159px\" \/><\/figure><\/div>\n\n\n\n<p>El caso del pasado 4 de Septiembre trataba sobre una paciente con ingreso prolongado por infecci\u00f3n respiratoria con cuadro de astenia severa y debilidad generalizada. El diagn\u00f3stico diferencial fue realizado por el Dr. Manuel Mart\u00edn (R4) y la soluci\u00f3n la aport\u00f3 la Dra. Li\u00f1\u00e1n. Finalmente presenta al d\u00eda siguiente del ingreso importante rectorragia por lo que se realiza TC en el que se objetiva perforaci\u00f3n de sigma y peritonitis con posteriores hemocultivos positiovs para K pneumoniae y E faecalis. Su presentaci\u00f3n se encuentra disponible en los siguientes enlaces.<\/p>\n\n\n\n<div class=\"wp-block-file\"><a href=\"https:\/\/www.icscyl.com\/mileon\/wp-content\/uploads\/2019\/09\/Dra-Li\u00f1an-sesclin-Sep19.pdf\">Dra-Li\u00f1an-sesclin-Sep19<\/a><a href=\"https:\/\/www.icscyl.com\/mileon\/wp-content\/uploads\/2019\/09\/Dra-Li\u00f1an-sesclin-Sep19.pdf\" class=\"wp-block-file__button\" download>Descarga<\/a><\/div>\n\n\n\n<div class=\"wp-block-file\"><a href=\"https:\/\/www.icscyl.com\/mileon\/wp-content\/uploads\/2019\/09\/Dr-Martin-sesclin-Sep19-1.pdf\">Dr-Martin-sesclin-Sep19-1<\/a><a href=\"https:\/\/www.icscyl.com\/mileon\/wp-content\/uploads\/2019\/09\/Dr-Martin-sesclin-Sep19-1.pdf\" class=\"wp-block-file__button\" download>Descarga<\/a><\/div>\n\n\n\n<p><\/p>\n","protected":false},"excerpt":{"rendered":"<p>El caso del pasado 4 de Septiembre trataba sobre una paciente con ingreso prolongado por infecci\u00f3n respiratoria con cuadro de astenia severa y debilidad generalizada. El diagn\u00f3stico diferencial fue realizado por el Dr. Manuel Mart\u00edn (R4) y la soluci\u00f3n la aport\u00f3 la Dra. Li\u00f1\u00e1n. Finalmente presenta al d\u00eda siguiente del ingreso importante rectorragia por lo [&hellip;]<\/p>\n","protected":false},"author":4,"featured_media":0,"comment_status":"closed","ping_status":"closed","sticky":false,"template":"","format":"standard","meta":{"jetpack_post_was_ever_published":false,"_jetpack_newsletter_access":"","_jetpack_dont_email_post_to_subs":false,"_jetpack_newsletter_tier_id":0,"_jetpack_memberships_contains_paywalled_content":false,"_jetpack_memberships_contains_paid_content":false,"footnotes":"","jetpack_publicize_message":"","jetpack_publicize_feature_enabled":true,"jetpack_social_post_already_shared":false,"jetpack_social_options":{"image_generator_settings":{"template":"highway","default_image_id":0,"font":"","enabled":false},"version":2}},"categories":[723],"tags":[900],"class_list":["post-24260","post","type-post","status-publish","format-standard","hentry","category-sesiones-clinicas","tag-linan"],"jetpack_publicize_connections":[],"jetpack_featured_media_url":"","jetpack_sharing_enabled":true,"post_mailing_queue_ids":[],"_links":{"self":[{"href":"https:\/\/www.icscyl.com\/mileon\/wp-json\/wp\/v2\/posts\/24260","targetHints":{"allow":["GET"]}}],"collection":[{"href":"https:\/\/www.icscyl.com\/mileon\/wp-json\/wp\/v2\/posts"}],"about":[{"href":"https:\/\/www.icscyl.com\/mileon\/wp-json\/wp\/v2\/types\/post"}],"author":[{"embeddable":true,"href":"https:\/\/www.icscyl.com\/mileon\/wp-json\/wp\/v2\/users\/4"}],"replies":[{"embeddable":true,"href":"https:\/\/www.icscyl.com\/mileon\/wp-json\/wp\/v2\/comments?post=24260"}],"version-history":[{"count":0,"href":"https:\/\/www.icscyl.com\/mileon\/wp-json\/wp\/v2\/posts\/24260\/revisions"}],"wp:attachment":[{"href":"https:\/\/www.icscyl.com\/mileon\/wp-json\/wp\/v2\/media?parent=24260"}],"wp:term":[{"taxonomy":"category","embeddable":true,"href":"https:\/\/www.icscyl.com\/mileon\/wp-json\/wp\/v2\/categories?post=24260"},{"taxonomy":"post_tag","embeddable":true,"href":"https:\/\/www.icscyl.com\/mileon\/wp-json\/wp\/v2\/tags?post=24260"}],"curies":[{"name":"wp","href":"https:\/\/api.w.org\/{rel}","templated":true}]}}