{"id":24221,"date":"2019-09-12T19:13:08","date_gmt":"2019-09-12T17:13:08","guid":{"rendered":"https:\/\/www.icscyl.com\/mileon\/?p=24221"},"modified":"2019-09-12T19:13:08","modified_gmt":"2019-09-12T17:13:08","slug":"novedades-en-el-remodelado-cardiaco-estudio-prove-hf","status":"publish","type":"post","link":"https:\/\/www.icscyl.com\/mileon\/maitines\/2019-09-12\/novedades-en-el-remodelado-cardiaco-estudio-prove-hf\/","title":{"rendered":"Novedades en el remodelado cardiaco. Estudio PROVE-HF."},"content":{"rendered":"\n<div class=\"wp-block-image\"><figure class=\"alignright is-resized\"><img loading=\"lazy\" decoding=\"async\" src=\"https:\/\/www.icscyl.com\/mileon\/wp-content\/uploads\/2019\/09\/Imagen2-1024x378.jpg\" alt=\"\" class=\"wp-image-24223\" width=\"288\" height=\"106\" srcset=\"https:\/\/www.icscyl.com\/mileon\/wp-content\/uploads\/2019\/09\/Imagen2-1024x378.jpg 1024w, https:\/\/www.icscyl.com\/mileon\/wp-content\/uploads\/2019\/09\/Imagen2-300x111.jpg 300w, https:\/\/www.icscyl.com\/mileon\/wp-content\/uploads\/2019\/09\/Imagen2-768x283.jpg 768w, https:\/\/www.icscyl.com\/mileon\/wp-content\/uploads\/2019\/09\/Imagen2-624x230.jpg 624w, https:\/\/www.icscyl.com\/mileon\/wp-content\/uploads\/2019\/09\/Imagen2-1320x487.jpg 1320w, https:\/\/www.icscyl.com\/mileon\/wp-content\/uploads\/2019\/09\/Imagen2.jpg 1753w\" sizes=\"auto, (max-width: 288px) 100vw, 288px\" \/><\/figure><\/div>\n\n\n\n<p>En la Sesi\u00f3n de Maitines de este pasado martes 10 de Septiembre. el Dr. Ignacio Iglesias del S\u00ba de Cardiolog\u00eda, hace una actulizaci\u00f3n sobre el tema del remodelado cardiaco.Se hace una ddefinici\u00f3n precisa de esta entidad (\u00ab<em>modificaciones en la <\/em><strong><em>morfolog\u00eda<\/em><\/strong><em> del coraz\u00f3n que se acompa\u00f1an de una variedad de cambios maladaptativos tisulares, celulares y subcelulares en respuesta a modificaciones bioqu\u00edmicas y biomec\u00e1nicas propias de la insuficiencia cardiaca<\/em>\u00ab) y se plantea la posibilidad de un punto de no retorno en la historia natural de la adaptaci\u00f3n del coraz\u00f3n a la noxa que provoca estos cambios. Se describen los factores asociados a estos cambios y las formas de medirlos. Y se describe la aparici\u00f3n de una nueva entidad denomida Insuficiencia cardiaca con fracci\u00f3n de eyecci\u00f3n recuperada. Por \u00faltimo, se analiza el papel de un nuevo grupo farmacol\u00f3gico  (ARNI) y de los resultados encontrados en los ensayos cl\u00ednicos realizados con el sacubitrilo\/valsartan. En el turno de debate se plantean las dificultades para elegir a los pacientes que m\u00e1s se van a beneficiar de este tratamiento y del reto de el tratamiento en los pacientes con insuficiencia cardiaca y fracci\u00f3n de eyecci\u00f3n presevada.  Para ver la presentaci\u00f3n completa, pinchar  en los siguientes enlaces.<\/p>\n\n\n\n<div class=\"wp-block-file\"><a href=\"https:\/\/www.icscyl.com\/mileon\/wp-content\/uploads\/2019\/09\/ICON_PROVE-HF.pdf\">ICON_PROVE-HF<\/a><a href=\"https:\/\/www.icscyl.com\/mileon\/wp-content\/uploads\/2019\/09\/ICON_PROVE-HF.pdf\" class=\"wp-block-file__button\" download>Descarga<\/a><\/div>\n","protected":false},"excerpt":{"rendered":"<p>En la Sesi\u00f3n de Maitines de este pasado martes 10 de Septiembre. el Dr. Ignacio Iglesias del S\u00ba de Cardiolog\u00eda, hace una actulizaci\u00f3n sobre el tema del remodelado cardiaco.Se hace una ddefinici\u00f3n precisa de esta entidad (\u00abmodificaciones en la morfolog\u00eda del coraz\u00f3n que se acompa\u00f1an de una variedad de cambios maladaptativos tisulares, celulares y subcelulares [&hellip;]<\/p>\n","protected":false},"author":5,"featured_media":0,"comment_status":"closed","ping_status":"closed","sticky":false,"template":"","format":"standard","meta":{"jetpack_post_was_ever_published":false,"_jetpack_newsletter_access":"","_jetpack_dont_email_post_to_subs":false,"_jetpack_newsletter_tier_id":0,"_jetpack_memberships_contains_paywalled_content":false,"_jetpack_memberships_contains_paid_content":false,"footnotes":"","jetpack_publicize_message":"","jetpack_publicize_feature_enabled":true,"jetpack_social_post_already_shared":false,"jetpack_social_options":{"image_generator_settings":{"template":"highway","default_image_id":0,"font":"","enabled":false},"version":2}},"categories":[715],"tags":[875],"class_list":["post-24221","post","type-post","status-publish","format-standard","hentry","category-maitines","tag-ignacio-iglesias"],"jetpack_publicize_connections":[],"jetpack_featured_media_url":"","jetpack_sharing_enabled":true,"post_mailing_queue_ids":[],"_links":{"self":[{"href":"https:\/\/www.icscyl.com\/mileon\/wp-json\/wp\/v2\/posts\/24221","targetHints":{"allow":["GET"]}}],"collection":[{"href":"https:\/\/www.icscyl.com\/mileon\/wp-json\/wp\/v2\/posts"}],"about":[{"href":"https:\/\/www.icscyl.com\/mileon\/wp-json\/wp\/v2\/types\/post"}],"author":[{"embeddable":true,"href":"https:\/\/www.icscyl.com\/mileon\/wp-json\/wp\/v2\/users\/5"}],"replies":[{"embeddable":true,"href":"https:\/\/www.icscyl.com\/mileon\/wp-json\/wp\/v2\/comments?post=24221"}],"version-history":[{"count":0,"href":"https:\/\/www.icscyl.com\/mileon\/wp-json\/wp\/v2\/posts\/24221\/revisions"}],"wp:attachment":[{"href":"https:\/\/www.icscyl.com\/mileon\/wp-json\/wp\/v2\/media?parent=24221"}],"wp:term":[{"taxonomy":"category","embeddable":true,"href":"https:\/\/www.icscyl.com\/mileon\/wp-json\/wp\/v2\/categories?post=24221"},{"taxonomy":"post_tag","embeddable":true,"href":"https:\/\/www.icscyl.com\/mileon\/wp-json\/wp\/v2\/tags?post=24221"}],"curies":[{"name":"wp","href":"https:\/\/api.w.org\/{rel}","templated":true}]}}