{"id":2124,"date":"2011-02-28T16:46:38","date_gmt":"2011-02-28T15:46:38","guid":{"rendered":"http:\/\/mileon.wordpress.com\/?p=2124"},"modified":"2011-02-28T16:46:38","modified_gmt":"2011-02-28T15:46:38","slug":"sesion-bibliografica-de-residentes-nejm","status":"publish","type":"post","link":"https:\/\/www.icscyl.com\/mileon\/sesiones-bibliograficas\/2011-02-28\/sesion-bibliografica-de-residentes-nejm\/","title":{"rendered":"Sesi\u00f3n bibliogr\u00e1fica de residentes: NEJM"},"content":{"rendered":"<p style=\"text-align:justify;\">La Dra. Esperanza Castelar Delgado (R3 MI) nos present\u00f3 el d\u00eda 28 <a href=\"https:\/\/mileon.files.wordpress.com\/2011\/02\/imagen14.jpg\"><img loading=\"lazy\" decoding=\"async\" class=\"alignright size-thumbnail wp-image-2125\" title=\"Imagen1\" src=\"https:\/\/mileon.files.wordpress.com\/2011\/02\/imagen14.jpg?w=122\" alt=\"\" width=\"125\" height=\"155\" \/><\/a>de febrero de 2011 dos art\u00edculos del NEJM. El primero trata sobre el control gluc\u00e9mico en diab\u00e9ticos tipo II en base a la mejor opci\u00f3n insulinica a a\u00f1adir a los antidiab\u00e9ticos orales: bif\u00e1sica, prandial o basal, resultando esta \u00faltima la m\u00e1s adecuada. El segundo nos muestra la no inferioridad de la fidaxomicina, un nuevo antibi\u00f3tico, respecto a la vancomicina en el tratamiento de infecciones producidas por Clostridium difficile.<br \/>\nDescargar <a href=\"https:\/\/mileon.files.wordpress.com\/2011\/02\/dra-castelar-sesbibl-feb11.pdf\">aqu\u00ed.<\/a><\/p>\n","protected":false},"excerpt":{"rendered":"<p>La Dra. Esperanza Castelar Delgado (R3 MI) nos present\u00f3 el d\u00eda 28 de febrero de 2011 dos art\u00edculos del NEJM. El primero trata sobre el control gluc\u00e9mico en diab\u00e9ticos tipo II en base a la mejor opci\u00f3n insulinica a a\u00f1adir a los antidiab\u00e9ticos orales: bif\u00e1sica, prandial o basal, resultando esta \u00faltima la m\u00e1s adecuada. El [&hellip;]<\/p>\n","protected":false},"author":6,"featured_media":0,"comment_status":"open","ping_status":"open","sticky":false,"template":"","format":"standard","meta":{"jetpack_post_was_ever_published":false,"_jetpack_newsletter_access":"","_jetpack_dont_email_post_to_subs":false,"_jetpack_newsletter_tier_id":0,"_jetpack_memberships_contains_paywalled_content":false,"_jetpack_memberships_contains_paid_content":false,"footnotes":"","jetpack_publicize_message":"","jetpack_publicize_feature_enabled":true,"jetpack_social_post_already_shared":false,"jetpack_social_options":{"image_generator_settings":{"template":"highway","default_image_id":0,"font":"","enabled":false},"version":2}},"categories":[722],"tags":[],"class_list":["post-2124","post","type-post","status-publish","format-standard","hentry","category-sesiones-bibliograficas"],"jetpack_publicize_connections":[],"jetpack_featured_media_url":"","jetpack_sharing_enabled":true,"post_mailing_queue_ids":[],"_links":{"self":[{"href":"https:\/\/www.icscyl.com\/mileon\/wp-json\/wp\/v2\/posts\/2124","targetHints":{"allow":["GET"]}}],"collection":[{"href":"https:\/\/www.icscyl.com\/mileon\/wp-json\/wp\/v2\/posts"}],"about":[{"href":"https:\/\/www.icscyl.com\/mileon\/wp-json\/wp\/v2\/types\/post"}],"author":[{"embeddable":true,"href":"https:\/\/www.icscyl.com\/mileon\/wp-json\/wp\/v2\/users\/6"}],"replies":[{"embeddable":true,"href":"https:\/\/www.icscyl.com\/mileon\/wp-json\/wp\/v2\/comments?post=2124"}],"version-history":[{"count":0,"href":"https:\/\/www.icscyl.com\/mileon\/wp-json\/wp\/v2\/posts\/2124\/revisions"}],"wp:attachment":[{"href":"https:\/\/www.icscyl.com\/mileon\/wp-json\/wp\/v2\/media?parent=2124"}],"wp:term":[{"taxonomy":"category","embeddable":true,"href":"https:\/\/www.icscyl.com\/mileon\/wp-json\/wp\/v2\/categories?post=2124"},{"taxonomy":"post_tag","embeddable":true,"href":"https:\/\/www.icscyl.com\/mileon\/wp-json\/wp\/v2\/tags?post=2124"}],"curies":[{"name":"wp","href":"https:\/\/api.w.org\/{rel}","templated":true}]}}