{"id":1855,"date":"2011-01-17T20:58:48","date_gmt":"2011-01-17T19:58:48","guid":{"rendered":"http:\/\/mileon.wordpress.com\/?p=1855"},"modified":"2011-01-17T20:58:48","modified_gmt":"2011-01-17T19:58:48","slug":"manifestaciones-pulmonares-de-las-enfermedades-sistemicas","status":"publish","type":"post","link":"https:\/\/www.icscyl.com\/mileon\/sesiones-bibliograficas\/2011-01-17\/manifestaciones-pulmonares-de-las-enfermedades-sistemicas\/","title":{"rendered":"Manifestaciones pulmonares de las enfermedades sist\u00e9micas"},"content":{"rendered":"<p><a href=\"https:\/\/mileon.files.wordpress.com\/2011\/01\/fig1cjm.png\"><img loading=\"lazy\" decoding=\"async\" class=\"alignright size-medium wp-image-1856\" title=\"fig1cjm\" src=\"https:\/\/mileon.files.wordpress.com\/2011\/01\/fig1cjm.png?w=300\" alt=\"\" width=\"210\" height=\"209\" \/><\/a>El lunes 17 de Enero la Sesi\u00f3n bibliogr\u00e1fica de los residentes (<a href=\"https:\/\/mileon.files.wordpress.com\/2011\/01\/manifestaciones-y-complicaciones-pulmonares-de-las-enfermedades-sitc3a9micas.pdf\">descargar aqu\u00ed<\/a>) la present\u00f3 el Dr. Mario Prieto, R2 de nuestro Servicio. Se revisan los principales patrones histol\u00f3gicos y su relaci\u00f3n con las enfermedades sist\u00e9micas autoinmunes con afectaci\u00f3n pulmonar. Se describe tambi\u00e9n la utilidad de las diferentes pruebas radiol\u00f3gicas y se llama la atenci\u00f3n de la dificultad de correlacionar los hallazgos radiol\u00f3gicos con la cl\u00ednica de los enfermos.<\/p>\n","protected":false},"excerpt":{"rendered":"<p>El lunes 17 de Enero la Sesi\u00f3n bibliogr\u00e1fica de los residentes (descargar aqu\u00ed) la present\u00f3 el Dr. Mario Prieto, R2 de nuestro Servicio. Se revisan los principales patrones histol\u00f3gicos y su relaci\u00f3n con las enfermedades sist\u00e9micas autoinmunes con afectaci\u00f3n pulmonar. Se describe tambi\u00e9n la utilidad de las diferentes pruebas radiol\u00f3gicas y se llama la atenci\u00f3n [&hellip;]<\/p>\n","protected":false},"author":5,"featured_media":0,"comment_status":"open","ping_status":"open","sticky":false,"template":"","format":"standard","meta":{"jetpack_post_was_ever_published":false,"_jetpack_newsletter_access":"","_jetpack_dont_email_post_to_subs":false,"_jetpack_newsletter_tier_id":0,"_jetpack_memberships_contains_paywalled_content":false,"_jetpack_memberships_contains_paid_content":false,"footnotes":"","jetpack_publicize_message":"","jetpack_publicize_feature_enabled":true,"jetpack_social_post_already_shared":false,"jetpack_social_options":{"image_generator_settings":{"template":"highway","default_image_id":0,"font":"","enabled":false},"version":2}},"categories":[722],"tags":[],"class_list":["post-1855","post","type-post","status-publish","format-standard","hentry","category-sesiones-bibliograficas"],"jetpack_publicize_connections":[],"jetpack_featured_media_url":"","jetpack_sharing_enabled":true,"post_mailing_queue_ids":[],"_links":{"self":[{"href":"https:\/\/www.icscyl.com\/mileon\/wp-json\/wp\/v2\/posts\/1855","targetHints":{"allow":["GET"]}}],"collection":[{"href":"https:\/\/www.icscyl.com\/mileon\/wp-json\/wp\/v2\/posts"}],"about":[{"href":"https:\/\/www.icscyl.com\/mileon\/wp-json\/wp\/v2\/types\/post"}],"author":[{"embeddable":true,"href":"https:\/\/www.icscyl.com\/mileon\/wp-json\/wp\/v2\/users\/5"}],"replies":[{"embeddable":true,"href":"https:\/\/www.icscyl.com\/mileon\/wp-json\/wp\/v2\/comments?post=1855"}],"version-history":[{"count":0,"href":"https:\/\/www.icscyl.com\/mileon\/wp-json\/wp\/v2\/posts\/1855\/revisions"}],"wp:attachment":[{"href":"https:\/\/www.icscyl.com\/mileon\/wp-json\/wp\/v2\/media?parent=1855"}],"wp:term":[{"taxonomy":"category","embeddable":true,"href":"https:\/\/www.icscyl.com\/mileon\/wp-json\/wp\/v2\/categories?post=1855"},{"taxonomy":"post_tag","embeddable":true,"href":"https:\/\/www.icscyl.com\/mileon\/wp-json\/wp\/v2\/tags?post=1855"}],"curies":[{"name":"wp","href":"https:\/\/api.w.org\/{rel}","templated":true}]}}