{"id":1746,"date":"2011-01-03T17:44:20","date_gmt":"2011-01-03T16:44:20","guid":{"rendered":"http:\/\/mileon.wordpress.com\/?p=1746"},"modified":"2011-01-03T17:44:20","modified_gmt":"2011-01-03T16:44:20","slug":"mielofibrosis-idiopatica-caso-clinico-del-29-xii-10","status":"publish","type":"post","link":"https:\/\/www.icscyl.com\/mileon\/sesiones-clinicas\/2011-01-03\/mielofibrosis-idiopatica-caso-clinico-del-29-xii-10\/","title":{"rendered":"Mielofibrosis idiop\u00e1tica: caso cl\u00ednico del 29.XII.10"},"content":{"rendered":"<p><img loading=\"lazy\" decoding=\"async\" class=\"alignright size-medium wp-image-1762\" title=\"Figura7\" src=\"https:\/\/mileon.files.wordpress.com\/2011\/01\/figura7.jpg?w=300\" alt=\"\" width=\"210\" height=\"156\" \/><\/p>\n<p>El caso de la semana pasada correspond\u00eda con una mielofibrosis idiop\u00e1tica, una rara enfermedad hematol\u00f3gica, que en este caso present\u00f3 unas manifestaciones tambi\u00e9n bastante at\u00edpicas en particular por las citopenias. La revisi\u00f3n del caso desde el punto de vista de medicina interna fue realizada por la Dra. Ledo, \u00a0R5 de nuestro servicio; su presentaci\u00f3n la pod\u00e9is descargar <a href=\"https:\/\/mileon.files.wordpress.com\/2010\/12\/dra-ledo-sesclin-dic10.pdf\">aqu\u00ed.<\/a> La Dra. Ballina, residente del servicio de Hematolog\u00eda, aport\u00f3 el diagn\u00f3stico definitivo y una breve revisi\u00f3n al respecto; su sesi\u00f3n la pod\u00e9is descargar <a href=\"https:\/\/mileon.files.wordpress.com\/2010\/12\/dra-ballina-sesclin-dic10.pdf\">aqu\u00ed.<\/a><\/p>\n<p>Aprovecho para comentar que el caso programado para el d\u00eda 5 de Enero se ha retrasado con motivo de las vacaciones, por lo que esta semana no habr\u00e1 sesi\u00f3n cl\u00ednica.<\/p>\n","protected":false},"excerpt":{"rendered":"<p>El caso de la semana pasada correspond\u00eda con una mielofibrosis idiop\u00e1tica, una rara enfermedad hematol\u00f3gica, que en este caso present\u00f3 unas manifestaciones tambi\u00e9n bastante at\u00edpicas en particular por las citopenias. La revisi\u00f3n del caso desde el punto de vista de medicina interna fue realizada por la Dra. Ledo, \u00a0R5 de nuestro servicio; su presentaci\u00f3n la [&hellip;]<\/p>\n","protected":false},"author":4,"featured_media":0,"comment_status":"open","ping_status":"open","sticky":false,"template":"","format":"standard","meta":{"jetpack_post_was_ever_published":false,"_jetpack_newsletter_access":"","_jetpack_dont_email_post_to_subs":false,"_jetpack_newsletter_tier_id":0,"_jetpack_memberships_contains_paywalled_content":false,"_jetpack_memberships_contains_paid_content":false,"footnotes":"","jetpack_publicize_message":"","jetpack_publicize_feature_enabled":true,"jetpack_social_post_already_shared":false,"jetpack_social_options":{"image_generator_settings":{"template":"highway","default_image_id":0,"font":"","enabled":false},"version":2}},"categories":[723],"tags":[764],"class_list":["post-1746","post","type-post","status-publish","format-standard","hentry","category-sesiones-clinicas","tag-ballina"],"jetpack_publicize_connections":[],"jetpack_featured_media_url":"","jetpack_sharing_enabled":true,"post_mailing_queue_ids":[],"_links":{"self":[{"href":"https:\/\/www.icscyl.com\/mileon\/wp-json\/wp\/v2\/posts\/1746","targetHints":{"allow":["GET"]}}],"collection":[{"href":"https:\/\/www.icscyl.com\/mileon\/wp-json\/wp\/v2\/posts"}],"about":[{"href":"https:\/\/www.icscyl.com\/mileon\/wp-json\/wp\/v2\/types\/post"}],"author":[{"embeddable":true,"href":"https:\/\/www.icscyl.com\/mileon\/wp-json\/wp\/v2\/users\/4"}],"replies":[{"embeddable":true,"href":"https:\/\/www.icscyl.com\/mileon\/wp-json\/wp\/v2\/comments?post=1746"}],"version-history":[{"count":0,"href":"https:\/\/www.icscyl.com\/mileon\/wp-json\/wp\/v2\/posts\/1746\/revisions"}],"wp:attachment":[{"href":"https:\/\/www.icscyl.com\/mileon\/wp-json\/wp\/v2\/media?parent=1746"}],"wp:term":[{"taxonomy":"category","embeddable":true,"href":"https:\/\/www.icscyl.com\/mileon\/wp-json\/wp\/v2\/categories?post=1746"},{"taxonomy":"post_tag","embeddable":true,"href":"https:\/\/www.icscyl.com\/mileon\/wp-json\/wp\/v2\/tags?post=1746"}],"curies":[{"name":"wp","href":"https:\/\/api.w.org\/{rel}","templated":true}]}}