{"id":13896,"date":"2019-06-17T18:30:15","date_gmt":"2019-06-17T17:30:15","guid":{"rendered":"https:\/\/mileon.wordpress.com\/?p=13896"},"modified":"2019-06-17T18:30:15","modified_gmt":"2019-06-17T17:30:15","slug":"impacto-global-de-las-enfermedades-respiratorias","status":"publish","type":"post","link":"https:\/\/www.icscyl.com\/mileon\/maitines\/2019-06-17\/impacto-global-de-las-enfermedades-respiratorias\/","title":{"rendered":"Impacto global de las enfermedades respiratorias."},"content":{"rendered":"\n<ul class=\"wp-block-gallery alignright columns-1 is-cropped wp-block-gallery-1 is-layout-flex wp-block-gallery-is-layout-flex\"><li class=\"blocks-gallery-item\"><figure><img decoding=\"async\" src=\"https:\/\/mileon.files.wordpress.com\/2019\/06\/imagen1-3.jpg?w=1024\" data-id=\"13898\" class=\"wp-image-13898\" \/><\/figure><\/li><\/ul>\n\n\n<p>La Dra. Silvia Garc\u00eda, del S\u00ba de Neumolog\u00eda, present\u00f3 en su Sesi\u00f3n del pasado martes 11 de Junio una visi\u00f3n global sobre las enfermedades respiratorias. Recogiendo los proyectos incluidos en el Programa de Desarrollo Sostenible para 2030, reconocido por la ONU en su reuni\u00f3n en NY en 2015, se centra en las recomendaciones generales y m\u00e1s en concreto, en las referidas a las enfermedades respiratorias. Las cinco grandes patolog\u00edas son el EPOC, asma, infecciones de v\u00edas respiratorias bajas, la TBC y el c\u00e1ncer de pulm\u00f3n. En cada una se revisan su problem\u00e1tica actual y las expectativas de futuro. <\/p>\n\n\n<p>Para ver la presentaci\u00f3n completa, <a href=\"https:\/\/mileon2.files.wordpress.com\/2019\/06\/impacto-global.pdf\"><em><strong>pinchar AQU\u00cd<\/strong><\/em><\/a><\/p>\n","protected":false},"excerpt":{"rendered":"<p>La Dra. Silvia Garc\u00eda, del S\u00ba de Neumolog\u00eda, present\u00f3 en su Sesi\u00f3n del pasado martes 11 de Junio una visi\u00f3n global sobre las enfermedades respiratorias. Recogiendo los proyectos incluidos en el Programa de Desarrollo Sostenible para 2030, reconocido por la ONU en su reuni\u00f3n en NY en 2015, se centra en las recomendaciones generales y [&hellip;]<\/p>\n","protected":false},"author":5,"featured_media":0,"comment_status":"open","ping_status":"open","sticky":false,"template":"","format":"standard","meta":{"jetpack_post_was_ever_published":false,"_jetpack_newsletter_access":"","_jetpack_dont_email_post_to_subs":false,"_jetpack_newsletter_tier_id":0,"_jetpack_memberships_contains_paywalled_content":false,"_jetpack_memberships_contains_paid_content":false,"footnotes":"","jetpack_publicize_message":"","jetpack_publicize_feature_enabled":true,"jetpack_social_post_already_shared":false,"jetpack_social_options":{"image_generator_settings":{"template":"highway","default_image_id":0,"font":"","enabled":false},"version":2}},"categories":[715],"tags":[1031],"class_list":["post-13896","post","type-post","status-publish","format-standard","hentry","category-maitines","tag-silvia-garcia"],"jetpack_publicize_connections":[],"jetpack_featured_media_url":"","jetpack_sharing_enabled":true,"post_mailing_queue_ids":[],"_links":{"self":[{"href":"https:\/\/www.icscyl.com\/mileon\/wp-json\/wp\/v2\/posts\/13896","targetHints":{"allow":["GET"]}}],"collection":[{"href":"https:\/\/www.icscyl.com\/mileon\/wp-json\/wp\/v2\/posts"}],"about":[{"href":"https:\/\/www.icscyl.com\/mileon\/wp-json\/wp\/v2\/types\/post"}],"author":[{"embeddable":true,"href":"https:\/\/www.icscyl.com\/mileon\/wp-json\/wp\/v2\/users\/5"}],"replies":[{"embeddable":true,"href":"https:\/\/www.icscyl.com\/mileon\/wp-json\/wp\/v2\/comments?post=13896"}],"version-history":[{"count":0,"href":"https:\/\/www.icscyl.com\/mileon\/wp-json\/wp\/v2\/posts\/13896\/revisions"}],"wp:attachment":[{"href":"https:\/\/www.icscyl.com\/mileon\/wp-json\/wp\/v2\/media?parent=13896"}],"wp:term":[{"taxonomy":"category","embeddable":true,"href":"https:\/\/www.icscyl.com\/mileon\/wp-json\/wp\/v2\/categories?post=13896"},{"taxonomy":"post_tag","embeddable":true,"href":"https:\/\/www.icscyl.com\/mileon\/wp-json\/wp\/v2\/tags?post=13896"}],"curies":[{"name":"wp","href":"https:\/\/api.w.org\/{rel}","templated":true}]}}