{"id":13858,"date":"2019-06-02T16:44:15","date_gmt":"2019-06-02T15:44:15","guid":{"rendered":"https:\/\/mileon.wordpress.com\/?p=13858"},"modified":"2019-06-02T16:44:15","modified_gmt":"2019-06-02T15:44:15","slug":"herpes-zoster","status":"publish","type":"post","link":"https:\/\/www.icscyl.com\/mileon\/maitines\/2019-06-02\/herpes-zoster\/","title":{"rendered":"Herpes Z\u00f3ster."},"content":{"rendered":"\n<ul class=\"wp-block-gallery alignright columns-1 is-cropped wp-block-gallery-1 is-layout-flex wp-block-gallery-is-layout-flex\"><li class=\"blocks-gallery-item\"><figure><img decoding=\"async\" src=\"https:\/\/mileon.files.wordpress.com\/2019\/06\/shingles_sp1.jpg?w=402\" data-id=\"13859\" class=\"wp-image-13859\" \/><\/figure><\/li><\/ul>\n\n\n<p>En la sesi\u00f3n del pasado mi\u00e9rcoles 28 de Mayo, el Dr. Roberto Ord\u00f3\u00f1ez, del Centro de Salud de Pinnilla, hizo una revisi\u00f3n sobre esta patolog\u00eda. En la primera parte se describen las caracter\u00edsticas del virus y su filiaci\u00f3n. Despu\u00e9s se exponen con detalle el cuadro cl\u00ednico y los factores de riesgo, destacando la claramente mayor incidencia en funci\u00f3n del aumento de la edad. A continuaci\u00f3n se analizan las opciones terap\u00e9uticas, tanto del propio cuadro viral como de sus complicaciones, fundamentalmente la neuralgia postherp\u00e9tica. Para acabar, se comentan las opciones de vacunaci\u00f3n y sus recomendaciones.<\/p>\n\n\n<p>Para ver la presentaci\u00f3n completa, <strong><em><a href=\"https:\/\/mileon2.files.wordpress.com\/2019\/06\/herpes-zoster-pdf.pdf\">pinchar AQU\u00cd<\/a><\/em><\/strong><\/p>\n","protected":false},"excerpt":{"rendered":"<p>En la sesi\u00f3n del pasado mi\u00e9rcoles 28 de Mayo, el Dr. Roberto Ord\u00f3\u00f1ez, del Centro de Salud de Pinnilla, hizo una revisi\u00f3n sobre esta patolog\u00eda. En la primera parte se describen las caracter\u00edsticas del virus y su filiaci\u00f3n. Despu\u00e9s se exponen con detalle el cuadro cl\u00ednico y los factores de riesgo, destacando la claramente mayor [&hellip;]<\/p>\n","protected":false},"author":5,"featured_media":0,"comment_status":"open","ping_status":"open","sticky":false,"template":"","format":"standard","meta":{"jetpack_post_was_ever_published":false,"_jetpack_newsletter_access":"","_jetpack_dont_email_post_to_subs":false,"_jetpack_newsletter_tier_id":0,"_jetpack_memberships_contains_paywalled_content":false,"_jetpack_memberships_contains_paid_content":false,"footnotes":"","jetpack_publicize_message":"","jetpack_publicize_feature_enabled":true,"jetpack_social_post_already_shared":false,"jetpack_social_options":{"image_generator_settings":{"template":"highway","default_image_id":0,"font":"","enabled":false},"version":2}},"categories":[715],"tags":[997],"class_list":["post-13858","post","type-post","status-publish","format-standard","hentry","category-maitines","tag-roberto-ordonez"],"jetpack_publicize_connections":[],"jetpack_featured_media_url":"","jetpack_sharing_enabled":true,"post_mailing_queue_ids":[],"_links":{"self":[{"href":"https:\/\/www.icscyl.com\/mileon\/wp-json\/wp\/v2\/posts\/13858","targetHints":{"allow":["GET"]}}],"collection":[{"href":"https:\/\/www.icscyl.com\/mileon\/wp-json\/wp\/v2\/posts"}],"about":[{"href":"https:\/\/www.icscyl.com\/mileon\/wp-json\/wp\/v2\/types\/post"}],"author":[{"embeddable":true,"href":"https:\/\/www.icscyl.com\/mileon\/wp-json\/wp\/v2\/users\/5"}],"replies":[{"embeddable":true,"href":"https:\/\/www.icscyl.com\/mileon\/wp-json\/wp\/v2\/comments?post=13858"}],"version-history":[{"count":0,"href":"https:\/\/www.icscyl.com\/mileon\/wp-json\/wp\/v2\/posts\/13858\/revisions"}],"wp:attachment":[{"href":"https:\/\/www.icscyl.com\/mileon\/wp-json\/wp\/v2\/media?parent=13858"}],"wp:term":[{"taxonomy":"category","embeddable":true,"href":"https:\/\/www.icscyl.com\/mileon\/wp-json\/wp\/v2\/categories?post=13858"},{"taxonomy":"post_tag","embeddable":true,"href":"https:\/\/www.icscyl.com\/mileon\/wp-json\/wp\/v2\/tags?post=13858"}],"curies":[{"name":"wp","href":"https:\/\/api.w.org\/{rel}","templated":true}]}}