{"id":13801,"date":"2019-05-13T09:00:38","date_gmt":"2019-05-13T08:00:38","guid":{"rendered":"https:\/\/mileon.wordpress.com\/?p=13801"},"modified":"2019-05-13T09:00:38","modified_gmt":"2019-05-13T08:00:38","slug":"sesion-clinica-14-2019-fistula-arterio-venosa-dural","status":"publish","type":"post","link":"https:\/\/www.icscyl.com\/mileon\/otras-presentaciones\/2019-05-13\/sesion-clinica-14-2019-fistula-arterio-venosa-dural\/","title":{"rendered":"Sesi\u00f3n cl\u00ednica 14\/2019: F\u00edstula arterio-venosa dural"},"content":{"rendered":"<p><img loading=\"lazy\" decoding=\"async\" class=\"alignright size-thumbnail wp-image-13792\" src=\"https:\/\/mileon.files.wordpress.com\/2019\/05\/pexels-photo-356079.jpg?w=150\" alt=\"pexels-photo-356079\" width=\"150\" height=\"91\" \/>La sesi\u00f3n cl\u00ednica de la semana pasada trataba sobre un paciente con antecedente de traumatismo y hemorragia cerebral, que desarrollaba un trastorno progresivo de la marcha junto con parestesis en miembros inferiores. El diagn\u00f3stico diferencial fue realizado por la\u00a0<a href=\"https:\/\/mileon2.files.wordpress.com\/2019\/05\/caso-clinico-8-5-19.pdf\">Dra. Mart\u00ednez<\/a> (R3) que apuntaba a una probable f\u00edstula arterio-venosa, aunque no se pod\u00edan descartar otras entidades. A continuaci\u00f3n la <a href=\"https:\/\/mileon2.files.wordpress.com\/2019\/05\/sesion-power-point.pdf\">Dra. Rodr\u00edguez<\/a> coment\u00f3 en su presentaci\u00f3n la evoluci\u00f3n del caso, confirmando la presunci\u00f3n inicial. Por \u00faltimo, comentar que se ha a\u00f1adido un nuevo cuadro-resumen del Dr. Borrego sobre antidiab\u00e9ticos que pod\u00e9is consultar <a href=\"https:\/\/mileon2.files.wordpress.com\/2019\/05\/ado.pdf\">aqu\u00ed.<\/a><\/p>\n","protected":false},"excerpt":{"rendered":"<p>La sesi\u00f3n cl\u00ednica de la semana pasada trataba sobre un paciente con antecedente de traumatismo y hemorragia cerebral, que desarrollaba un trastorno progresivo de la marcha junto con parestesis en miembros inferiores. El diagn\u00f3stico diferencial fue realizado por la\u00a0Dra. Mart\u00ednez (R3) que apuntaba a una probable f\u00edstula arterio-venosa, aunque no se pod\u00edan descartar otras entidades. [&hellip;]<\/p>\n","protected":false},"author":4,"featured_media":0,"comment_status":"open","ping_status":"open","sticky":false,"template":"","format":"standard","meta":{"jetpack_post_was_ever_published":false,"_jetpack_newsletter_access":"","_jetpack_dont_email_post_to_subs":false,"_jetpack_newsletter_tier_id":0,"_jetpack_memberships_contains_paywalled_content":false,"_jetpack_memberships_contains_paid_content":false,"footnotes":"","jetpack_publicize_message":"","jetpack_publicize_feature_enabled":true,"jetpack_social_post_already_shared":false,"jetpack_social_options":{"image_generator_settings":{"template":"highway","default_image_id":0,"font":"","enabled":false},"version":2}},"categories":[719,723],"tags":[782,990],"class_list":["post-13801","post","type-post","status-publish","format-standard","hentry","category-otras-presentaciones","category-sesiones-clinicas","tag-borrego","tag-raquel-rodriguez"],"jetpack_publicize_connections":[],"jetpack_featured_media_url":"","jetpack_sharing_enabled":true,"post_mailing_queue_ids":[],"_links":{"self":[{"href":"https:\/\/www.icscyl.com\/mileon\/wp-json\/wp\/v2\/posts\/13801","targetHints":{"allow":["GET"]}}],"collection":[{"href":"https:\/\/www.icscyl.com\/mileon\/wp-json\/wp\/v2\/posts"}],"about":[{"href":"https:\/\/www.icscyl.com\/mileon\/wp-json\/wp\/v2\/types\/post"}],"author":[{"embeddable":true,"href":"https:\/\/www.icscyl.com\/mileon\/wp-json\/wp\/v2\/users\/4"}],"replies":[{"embeddable":true,"href":"https:\/\/www.icscyl.com\/mileon\/wp-json\/wp\/v2\/comments?post=13801"}],"version-history":[{"count":0,"href":"https:\/\/www.icscyl.com\/mileon\/wp-json\/wp\/v2\/posts\/13801\/revisions"}],"wp:attachment":[{"href":"https:\/\/www.icscyl.com\/mileon\/wp-json\/wp\/v2\/media?parent=13801"}],"wp:term":[{"taxonomy":"category","embeddable":true,"href":"https:\/\/www.icscyl.com\/mileon\/wp-json\/wp\/v2\/categories?post=13801"},{"taxonomy":"post_tag","embeddable":true,"href":"https:\/\/www.icscyl.com\/mileon\/wp-json\/wp\/v2\/tags?post=13801"}],"curies":[{"name":"wp","href":"https:\/\/api.w.org\/{rel}","templated":true}]}}