{"id":13747,"date":"2019-04-12T10:00:19","date_gmt":"2019-04-12T09:00:19","guid":{"rendered":"https:\/\/mileon.wordpress.com\/?p=13747"},"modified":"2019-04-12T10:00:19","modified_gmt":"2019-04-12T09:00:19","slug":"actualizacion-en-el-tratamiento-de-la-insuficiencia-cardiaca","status":"publish","type":"post","link":"https:\/\/www.icscyl.com\/mileon\/residentes\/2019-04-12\/actualizacion-en-el-tratamiento-de-la-insuficiencia-cardiaca\/","title":{"rendered":"Actualizaci\u00f3n en el tratamiento de la insuficiencia cardiaca"},"content":{"rendered":"<p><img loading=\"lazy\" decoding=\"async\" class=\"alignright size-thumbnail wp-image-11101\" src=\"https:\/\/mileon.files.wordpress.com\/2017\/01\/corazon-cansado-2-289x300.jpg?w=145\" alt=\"corazon-cansado-2-289x300\" width=\"145\" height=\"150\" \/>Sesi\u00f3n presentada hace un par de semanas por el Dr. Gal\u00e1n Fari\u00f1a (R1 de Cardiolog\u00eda) que repas\u00f3 las diferentes opciones terape\u00faticas en el manejo de la insuficiencia cardiaca con FEVI reducida, tanto farmacol\u00f3gicas como invasivas, y que finaliz\u00f3 comentando las diferencias de manejo en el caso de FEVI preservado. Su presentaci\u00f3n se encuentra disponible en este\u00a0<a href=\"https:\/\/mileon2.files.wordpress.com\/2019\/04\/actualizacic393n-en-el-tratamiento-de-la-icc.pdf\">enlace.<\/a><\/p>\n","protected":false},"excerpt":{"rendered":"<p>Sesi\u00f3n presentada hace un par de semanas por el Dr. Gal\u00e1n Fari\u00f1a (R1 de Cardiolog\u00eda) que repas\u00f3 las diferentes opciones terape\u00faticas en el manejo de la insuficiencia cardiaca con FEVI reducida, tanto farmacol\u00f3gicas como invasivas, y que finaliz\u00f3 comentando las diferencias de manejo en el caso de FEVI preservado. Su presentaci\u00f3n se encuentra disponible en [&hellip;]<\/p>\n","protected":false},"author":4,"featured_media":0,"comment_status":"open","ping_status":"open","sticky":false,"template":"","format":"standard","meta":{"jetpack_post_was_ever_published":false,"_jetpack_newsletter_access":"","_jetpack_dont_email_post_to_subs":false,"_jetpack_newsletter_tier_id":0,"_jetpack_memberships_contains_paywalled_content":false,"_jetpack_memberships_contains_paid_content":false,"footnotes":"","jetpack_publicize_message":"","jetpack_publicize_feature_enabled":true,"jetpack_social_post_already_shared":false,"jetpack_social_options":{"image_generator_settings":{"template":"highway","default_image_id":0,"font":"","enabled":false},"version":2}},"categories":[721],"tags":[852],"class_list":["post-13747","post","type-post","status-publish","format-standard","hentry","category-residentes","tag-galan"],"jetpack_publicize_connections":[],"jetpack_featured_media_url":"","jetpack_sharing_enabled":true,"post_mailing_queue_ids":[],"_links":{"self":[{"href":"https:\/\/www.icscyl.com\/mileon\/wp-json\/wp\/v2\/posts\/13747","targetHints":{"allow":["GET"]}}],"collection":[{"href":"https:\/\/www.icscyl.com\/mileon\/wp-json\/wp\/v2\/posts"}],"about":[{"href":"https:\/\/www.icscyl.com\/mileon\/wp-json\/wp\/v2\/types\/post"}],"author":[{"embeddable":true,"href":"https:\/\/www.icscyl.com\/mileon\/wp-json\/wp\/v2\/users\/4"}],"replies":[{"embeddable":true,"href":"https:\/\/www.icscyl.com\/mileon\/wp-json\/wp\/v2\/comments?post=13747"}],"version-history":[{"count":0,"href":"https:\/\/www.icscyl.com\/mileon\/wp-json\/wp\/v2\/posts\/13747\/revisions"}],"wp:attachment":[{"href":"https:\/\/www.icscyl.com\/mileon\/wp-json\/wp\/v2\/media?parent=13747"}],"wp:term":[{"taxonomy":"category","embeddable":true,"href":"https:\/\/www.icscyl.com\/mileon\/wp-json\/wp\/v2\/categories?post=13747"},{"taxonomy":"post_tag","embeddable":true,"href":"https:\/\/www.icscyl.com\/mileon\/wp-json\/wp\/v2\/tags?post=13747"}],"curies":[{"name":"wp","href":"https:\/\/api.w.org\/{rel}","templated":true}]}}