{"id":13735,"date":"2019-04-30T22:17:02","date_gmt":"2019-04-30T21:17:02","guid":{"rendered":"https:\/\/mileon.wordpress.com\/?p=13735"},"modified":"2019-04-30T22:17:02","modified_gmt":"2019-04-30T21:17:02","slug":"rehabilitacion-psicosocial-en-los-trastornos-mentales-severos","status":"publish","type":"post","link":"https:\/\/www.icscyl.com\/mileon\/maitines\/2019-04-30\/rehabilitacion-psicosocial-en-los-trastornos-mentales-severos\/","title":{"rendered":"Rehabilitaci\u00f3n psicosocial en los trastornos mentales severos."},"content":{"rendered":"\n<div class=\"wp-block-image\"><figure class=\"alignright is-resized\"><img loading=\"lazy\" decoding=\"async\" src=\"https:\/\/mileon.files.wordpress.com\/2019\/04\/imagen1.jpg?w=473\" alt=\"\" class=\"wp-image-13736\" width=\"307\" height=\"177\" \/><\/figure><\/div>\n\n\n<p>El pasado martes 2 de Abril, el Dr. Francisco Rodr\u00edguez del S\u00ba de Psiquiatr\u00eda, present\u00f3 una amplia sesi\u00f3n orientada a c\u00f3mo debe plantearse la rehabilitaci\u00f3n de los pacientes con trastornos mentales severos. Se definen los criterios diagn\u00f3sticos y cu\u00e1les son las \u00e1reas deficitarias en estos pacientes. Se analizan los requisitos que deben tener los equipos multidisciplinares encargados de estos programas y cu\u00e1les son las mejores estrategias para lograr la rehabilitaci\u00f3n de estos enfermos. Adem\u00e1s, en la presentaci\u00f3n se a\u00f1aden referencias a los principales hitos en la historia de la psiquiatr\u00eda moderna, una revisi\u00f3n hist\u00f3rica de la psiquiatr\u00eda en Le\u00f3n y como guinda, im\u00e1genes\/r\u00f3tulos que los internos en la Unidad de Psiquiatr\u00eda han pintado en las paredes del hospital.<\/p>\n\n\n<p>En el turno de debate, se plantearon las cl\u00e1sicas cuestinoes sobre a cu\u00e1ntos pacientes es posible rehabilitar y cu\u00e1nto es posible hacerlo.<\/p>\n\n\n<p>Para ver la presentaci\u00f3n completa <a href=\"https:\/\/mileon2.files.wordpress.com\/2019\/04\/rehabilitacic3b3n-en-psiquiatrc3ada.pdf\"><strong><em>pinchar AQU\u00cd.<\/em><\/strong><\/a><\/p>\n","protected":false},"excerpt":{"rendered":"<p>El pasado martes 2 de Abril, el Dr. Francisco Rodr\u00edguez del S\u00ba de Psiquiatr\u00eda, present\u00f3 una amplia sesi\u00f3n orientada a c\u00f3mo debe plantearse la rehabilitaci\u00f3n de los pacientes con trastornos mentales severos. Se definen los criterios diagn\u00f3sticos y cu\u00e1les son las \u00e1reas deficitarias en estos pacientes. Se analizan los requisitos que deben tener los equipos [&hellip;]<\/p>\n","protected":false},"author":5,"featured_media":0,"comment_status":"open","ping_status":"open","sticky":false,"template":"","format":"standard","meta":{"jetpack_post_was_ever_published":false,"_jetpack_newsletter_access":"","_jetpack_dont_email_post_to_subs":false,"_jetpack_newsletter_tier_id":0,"_jetpack_memberships_contains_paywalled_content":false,"_jetpack_memberships_contains_paid_content":false,"footnotes":"","jetpack_publicize_message":"","jetpack_publicize_feature_enabled":true,"jetpack_social_post_already_shared":false,"jetpack_social_options":{"image_generator_settings":{"template":"highway","default_image_id":0,"font":"","enabled":false},"version":2}},"categories":[715],"tags":[849],"class_list":["post-13735","post","type-post","status-publish","format-standard","hentry","category-maitines","tag-francisco-rodriguez"],"jetpack_publicize_connections":[],"jetpack_featured_media_url":"","jetpack_sharing_enabled":true,"post_mailing_queue_ids":[],"_links":{"self":[{"href":"https:\/\/www.icscyl.com\/mileon\/wp-json\/wp\/v2\/posts\/13735","targetHints":{"allow":["GET"]}}],"collection":[{"href":"https:\/\/www.icscyl.com\/mileon\/wp-json\/wp\/v2\/posts"}],"about":[{"href":"https:\/\/www.icscyl.com\/mileon\/wp-json\/wp\/v2\/types\/post"}],"author":[{"embeddable":true,"href":"https:\/\/www.icscyl.com\/mileon\/wp-json\/wp\/v2\/users\/5"}],"replies":[{"embeddable":true,"href":"https:\/\/www.icscyl.com\/mileon\/wp-json\/wp\/v2\/comments?post=13735"}],"version-history":[{"count":0,"href":"https:\/\/www.icscyl.com\/mileon\/wp-json\/wp\/v2\/posts\/13735\/revisions"}],"wp:attachment":[{"href":"https:\/\/www.icscyl.com\/mileon\/wp-json\/wp\/v2\/media?parent=13735"}],"wp:term":[{"taxonomy":"category","embeddable":true,"href":"https:\/\/www.icscyl.com\/mileon\/wp-json\/wp\/v2\/categories?post=13735"},{"taxonomy":"post_tag","embeddable":true,"href":"https:\/\/www.icscyl.com\/mileon\/wp-json\/wp\/v2\/tags?post=13735"}],"curies":[{"name":"wp","href":"https:\/\/api.w.org\/{rel}","templated":true}]}}