{"id":13657,"date":"2019-03-09T17:42:32","date_gmt":"2019-03-09T16:42:32","guid":{"rendered":"https:\/\/mileon.wordpress.com\/?p=13657"},"modified":"2019-03-09T17:42:32","modified_gmt":"2019-03-09T16:42:32","slug":"sesion-clinica-8-2019-linfoma-mediastinico-de-celulas-b-primario","status":"publish","type":"post","link":"https:\/\/www.icscyl.com\/mileon\/sesiones-clinicas\/2019-03-09\/sesion-clinica-8-2019-linfoma-mediastinico-de-celulas-b-primario\/","title":{"rendered":"Sesi\u00f3n cl\u00ednica 8\/2019: Linfoma mediast\u00ednico de c\u00e9lulas B primario."},"content":{"rendered":"\n<div class=\"wp-block-image\"><figure class=\"alignright is-resized\"><img loading=\"lazy\" decoding=\"async\" src=\"https:\/\/mileon2.files.wordpress.com\/2019\/03\/imagen-1.jpg\" alt=\"\" width=\"250\" height=\"201\" \/><\/figure><\/div>\n\n\n<p>El 6 de marzo de 2019 la Dra. Patricia Hontoria Juez (R2 MI) coment\u00f3 el caso cl\u00ednico de una paciente de 57 a\u00f1os sin antecedentes de inter\u00e9s que presenta en un mes un cuadro progresivo de astenia, tos, disfagia y disnea tras episodio sincopal. Presentando en la radiograf\u00eda de t\u00f3rax una masa mediast\u00ednica. A partir de est\u00e1 se hizo el diagnostico diferencial que se puede visualizar en el siguiente <a href=\"https:\/\/mileon2.files.wordpress.com\/2019\/03\/dra-hontoria-sescli-mar19.pdf\"><em><strong>enlace.<\/strong><\/em><\/a><\/p>\n\n\n<p>Me correspondi\u00f3 dar la soluci\u00f3n, durante la sesi\u00f3n se coment\u00f3 tanto la importancia del manejo inicial ante una situaci\u00f3n de inestabilidad como el proceder para llegar a la etiolog\u00eda de la masa. Los resultados de este caso y unos comentarios sobre esta entidad se pueden ver<a href=\"https:\/\/mileon2.files.wordpress.com\/2019\/03\/dr-moran-sescli-mar19.pdf\"><em><strong> aqu\u00ed.<\/strong><\/em><\/a><br \/><\/p>\n","protected":false},"excerpt":{"rendered":"<p>El 6 de marzo de 2019 la Dra. Patricia Hontoria Juez (R2 MI) coment\u00f3 el caso cl\u00ednico de una paciente de 57 a\u00f1os sin antecedentes de inter\u00e9s que presenta en un mes un cuadro progresivo de astenia, tos, disfagia y disnea tras episodio sincopal. Presentando en la radiograf\u00eda de t\u00f3rax una masa mediast\u00ednica. A partir [&hellip;]<\/p>\n","protected":false},"author":6,"featured_media":0,"comment_status":"open","ping_status":"open","sticky":false,"template":"","format":"standard","meta":{"jetpack_post_was_ever_published":false,"_jetpack_newsletter_access":"","_jetpack_dont_email_post_to_subs":false,"_jetpack_newsletter_tier_id":0,"_jetpack_memberships_contains_paywalled_content":false,"_jetpack_memberships_contains_paid_content":false,"footnotes":"","jetpack_publicize_message":"","jetpack_publicize_feature_enabled":true,"jetpack_social_post_already_shared":false,"jetpack_social_options":{"image_generator_settings":{"template":"highway","default_image_id":0,"font":"","enabled":false},"version":2}},"categories":[723],"tags":[940],"class_list":["post-13657","post","type-post","status-publish","format-standard","hentry","category-sesiones-clinicas","tag-moran"],"jetpack_publicize_connections":[],"jetpack_featured_media_url":"","jetpack_sharing_enabled":true,"post_mailing_queue_ids":[],"_links":{"self":[{"href":"https:\/\/www.icscyl.com\/mileon\/wp-json\/wp\/v2\/posts\/13657","targetHints":{"allow":["GET"]}}],"collection":[{"href":"https:\/\/www.icscyl.com\/mileon\/wp-json\/wp\/v2\/posts"}],"about":[{"href":"https:\/\/www.icscyl.com\/mileon\/wp-json\/wp\/v2\/types\/post"}],"author":[{"embeddable":true,"href":"https:\/\/www.icscyl.com\/mileon\/wp-json\/wp\/v2\/users\/6"}],"replies":[{"embeddable":true,"href":"https:\/\/www.icscyl.com\/mileon\/wp-json\/wp\/v2\/comments?post=13657"}],"version-history":[{"count":0,"href":"https:\/\/www.icscyl.com\/mileon\/wp-json\/wp\/v2\/posts\/13657\/revisions"}],"wp:attachment":[{"href":"https:\/\/www.icscyl.com\/mileon\/wp-json\/wp\/v2\/media?parent=13657"}],"wp:term":[{"taxonomy":"category","embeddable":true,"href":"https:\/\/www.icscyl.com\/mileon\/wp-json\/wp\/v2\/categories?post=13657"},{"taxonomy":"post_tag","embeddable":true,"href":"https:\/\/www.icscyl.com\/mileon\/wp-json\/wp\/v2\/tags?post=13657"}],"curies":[{"name":"wp","href":"https:\/\/api.w.org\/{rel}","templated":true}]}}