{"id":13565,"date":"2019-01-31T10:00:01","date_gmt":"2019-01-31T09:00:01","guid":{"rendered":"https:\/\/mileon.wordpress.com\/?p=13565"},"modified":"2019-01-31T10:00:01","modified_gmt":"2019-01-31T09:00:01","slug":"sesion-clinica-2-2019-glomerulonefritis-focal-y-sementaria","status":"publish","type":"post","link":"https:\/\/www.icscyl.com\/mileon\/sesiones-clinicas\/2019-01-31\/sesion-clinica-2-2019-glomerulonefritis-focal-y-sementaria\/","title":{"rendered":"Sesi\u00f3n cl\u00ednica 2\/2019: Glomerulonefritis focal y sementar\u00eda"},"content":{"rendered":"<p><img loading=\"lazy\" decoding=\"async\" class=\"alignright size-thumbnail wp-image-6904\" src=\"https:\/\/mileon.files.wordpress.com\/2013\/12\/nefrologia.png?w=150\" alt=\"nefrologia\" width=\"150\" height=\"150\" \/>El caso cl\u00ednico del pasado 16 de Enero trataba sobre un paciente con edemas importantes de pocos d\u00edas de evoluci\u00f3n junto con una proteinuria importante. El diagn\u00f3stico diferencial fue realizado por la Dra. Mu\u00f1oz (R1) y la soluci\u00f3n la aport\u00f3 la Dra. Garc\u00eda. Una biopsia renal confirm\u00f3 una glomerulonefritis y el paciente present\u00f3 evoluci\u00f3n favorable. Su presentaci\u00f3n conjunta se encuentra disponible en \u00a0este\u00a0<a href=\"https:\/\/mileon2.files.wordpress.com\/2019\/01\/dras-mu\u00f1oz-y-garcia-sesclin-ene19.pdf\">enlace.<\/a><\/p>\n","protected":false},"excerpt":{"rendered":"<p>El caso cl\u00ednico del pasado 16 de Enero trataba sobre un paciente con edemas importantes de pocos d\u00edas de evoluci\u00f3n junto con una proteinuria importante. El diagn\u00f3stico diferencial fue realizado por la Dra. Mu\u00f1oz (R1) y la soluci\u00f3n la aport\u00f3 la Dra. Garc\u00eda. Una biopsia renal confirm\u00f3 una glomerulonefritis y el paciente present\u00f3 evoluci\u00f3n favorable. [&hellip;]<\/p>\n","protected":false},"author":4,"featured_media":0,"comment_status":"open","ping_status":"open","sticky":false,"template":"","format":"standard","meta":{"jetpack_post_was_ever_published":false,"_jetpack_newsletter_access":"","_jetpack_dont_email_post_to_subs":false,"_jetpack_newsletter_tier_id":0,"_jetpack_memberships_contains_paywalled_content":false,"_jetpack_memberships_contains_paid_content":false,"footnotes":"","jetpack_publicize_message":"","jetpack_publicize_feature_enabled":true,"jetpack_social_post_already_shared":false,"jetpack_social_options":{"image_generator_settings":{"template":"highway","default_image_id":0,"font":"","enabled":false},"version":2}},"categories":[723],"tags":[803],"class_list":["post-13565","post","type-post","status-publish","format-standard","hentry","category-sesiones-clinicas","tag-charo-garcia"],"jetpack_publicize_connections":[],"jetpack_featured_media_url":"","jetpack_sharing_enabled":true,"post_mailing_queue_ids":[],"_links":{"self":[{"href":"https:\/\/www.icscyl.com\/mileon\/wp-json\/wp\/v2\/posts\/13565","targetHints":{"allow":["GET"]}}],"collection":[{"href":"https:\/\/www.icscyl.com\/mileon\/wp-json\/wp\/v2\/posts"}],"about":[{"href":"https:\/\/www.icscyl.com\/mileon\/wp-json\/wp\/v2\/types\/post"}],"author":[{"embeddable":true,"href":"https:\/\/www.icscyl.com\/mileon\/wp-json\/wp\/v2\/users\/4"}],"replies":[{"embeddable":true,"href":"https:\/\/www.icscyl.com\/mileon\/wp-json\/wp\/v2\/comments?post=13565"}],"version-history":[{"count":0,"href":"https:\/\/www.icscyl.com\/mileon\/wp-json\/wp\/v2\/posts\/13565\/revisions"}],"wp:attachment":[{"href":"https:\/\/www.icscyl.com\/mileon\/wp-json\/wp\/v2\/media?parent=13565"}],"wp:term":[{"taxonomy":"category","embeddable":true,"href":"https:\/\/www.icscyl.com\/mileon\/wp-json\/wp\/v2\/categories?post=13565"},{"taxonomy":"post_tag","embeddable":true,"href":"https:\/\/www.icscyl.com\/mileon\/wp-json\/wp\/v2\/tags?post=13565"}],"curies":[{"name":"wp","href":"https:\/\/api.w.org\/{rel}","templated":true}]}}