{"id":13462,"date":"2018-12-24T12:30:27","date_gmt":"2018-12-24T11:30:27","guid":{"rendered":"https:\/\/mileon.wordpress.com\/?p=13462"},"modified":"2018-12-24T12:30:27","modified_gmt":"2018-12-24T11:30:27","slug":"felices-fiestas-y-feliz-ano-2019","status":"publish","type":"post","link":"https:\/\/www.icscyl.com\/mileon\/sin-categoria\/2018-12-24\/felices-fiestas-y-feliz-ano-2019\/","title":{"rendered":"Felices fiestas y feliz a\u00f1o 2019"},"content":{"rendered":"<p><img loading=\"lazy\" decoding=\"async\" src=\"https:\/\/mileon.files.wordpress.com\/2018\/12\/image-5.jpg?w=276\" class=\"alignright size-thumbnail wp-image-13460\" width=\"138\" height=\"150\" alt=\"image-5\"> Hace poco m\u00e1s de 9 a\u00f1os iniciamos un proyecto dentro de nuestro servicio. El objetivo era sencillo, recopilar nuestra actividad docente\/formativa, as\u00ed como las noticias o curiosidades del \u00e1mbito de nuestra especialidad. Desde aquel 3 de Septiembre de 2009, este blog al igual que nuestro servicio han ido evolucionando.<br \/>\nLo que empez\u00f3 siendo un proyecto personal, ha ido contando con diferentes colaboradores y las dificultades iniciales se han ido sorteando, convirti\u00e9ndose en una \u00fatil herramienta tanto para adjuntos como residentes dentro del servicio. La difusi\u00f3n en la web y en las redes sociales ha servido para darnos a conocer, y que tanto m\u00e9dicos como gente de a pie nos sigan, bien por curiosidad, bien por inter\u00e9s cient\u00edfico. Termina el a\u00f1o y a lo largo de enero de 2019, llegaremos a una cifra redonda, m\u00e1s de un mill\u00f3n de visitas. De hecho desde un medio de comunicaci\u00f3n, hace pocas semanas se hicieron eco de ello y hicieron un breve <a href=\"http:\/\/www.diariodevalladolid.es\/noticias\/innovadores\/blog-excepciones-medicas_137386.html\">reportaje<\/a>.<br \/>\nEstos d\u00edas de descanso son buen momento para reflexionar sobre este blog, d\u00f3nde estamos y donde queremos ir los pr\u00f3ximos a\u00f1os. El objetivo inicial, \u201ccolgar\u201d en la red nuestra actividad y que sirva como repositorio para futuras consultas se ha conseguido. Incluso hemos conseguido gracias a la colaboraci\u00f3n del Dr. Guerra, contar con las sesiones de maitines de nuestro hospital.<br \/>\nSin embargo, hay puntos de mejora para el futuro. A partir del a\u00f1o que viene intentaremos incluir las sesiones conjuntas con el servicio de Microbiolog\u00eda de nuestro hospital. Otros aspectos como la continuidad de blogosfera y las noticias relevantes a lo largo de este a\u00f1o se han ido quedando en el tintero, la mayor parte de las veces por falta de tiempo, por lo que toca ponerse a ello con cierta periodicidad. Otro objetivo para estos d\u00edas es darle un lavado de cara al blog, a\u00f1o nuevo&#8230; vida nueva.<br \/>\nTambi\u00e9n es buen momento para agradecer a todos los compa\u00f1eros que participan con sus contenidos en el blog: adjuntos y residentes de medicina interna y de otras muchas especialidades que pasan por nuestro servicio, adjuntos de otros servicios que participan en sesiones multidisciplinares, aquellos que por cuestiones laborales ya no est\u00e1n ahora con nosotros pero durante varios a\u00f1os han esta ah\u00ed aportando su trabajo. <img loading=\"lazy\" decoding=\"async\" src=\"https:\/\/mileon.files.wordpress.com\/2018\/12\/image-7.jpg?w=300\" class=\"wp-image-13461 alignright size-thumbnail\" width=\"150\" height=\"103\" alt=\"image-7\"><br \/>\nPero ahora lo que toca en estos d\u00edas, es descansar, disfrutar de las fiestas (los que no tengan guardias) y de estos d\u00edas para pasar en familia y cerrar este a\u00f1o 2018 que ya est\u00e1 acabando. Es momento de empezar un a\u00f1o nuevo deseando a todos los que nos le\u00e9is que se cumplan vuestros deseos a lo largo del a\u00f1o. Felices fiestas y feliz a\u00f1o 2019.<\/p>\n","protected":false},"excerpt":{"rendered":"<p>Hace poco m\u00e1s de 9 a\u00f1os iniciamos un proyecto dentro de nuestro servicio. El objetivo era sencillo, recopilar nuestra actividad docente\/formativa, as\u00ed como las noticias o curiosidades del \u00e1mbito de nuestra especialidad. Desde aquel 3 de Septiembre de 2009, este blog al igual que nuestro servicio han ido evolucionando. Lo que empez\u00f3 siendo un proyecto [&hellip;]<\/p>\n","protected":false},"author":4,"featured_media":0,"comment_status":"open","ping_status":"open","sticky":false,"template":"","format":"standard","meta":{"jetpack_post_was_ever_published":false,"_jetpack_newsletter_access":"","_jetpack_dont_email_post_to_subs":false,"_jetpack_newsletter_tier_id":0,"_jetpack_memberships_contains_paywalled_content":false,"_jetpack_memberships_contains_paid_content":false,"footnotes":"","jetpack_publicize_message":"","jetpack_publicize_feature_enabled":true,"jetpack_social_post_already_shared":false,"jetpack_social_options":{"image_generator_settings":{"template":"highway","default_image_id":0,"font":"","enabled":false},"version":2}},"categories":[1],"tags":[],"class_list":["post-13462","post","type-post","status-publish","format-standard","hentry","category-sin-categoria"],"jetpack_publicize_connections":[],"jetpack_featured_media_url":"","jetpack_sharing_enabled":true,"post_mailing_queue_ids":[],"_links":{"self":[{"href":"https:\/\/www.icscyl.com\/mileon\/wp-json\/wp\/v2\/posts\/13462","targetHints":{"allow":["GET"]}}],"collection":[{"href":"https:\/\/www.icscyl.com\/mileon\/wp-json\/wp\/v2\/posts"}],"about":[{"href":"https:\/\/www.icscyl.com\/mileon\/wp-json\/wp\/v2\/types\/post"}],"author":[{"embeddable":true,"href":"https:\/\/www.icscyl.com\/mileon\/wp-json\/wp\/v2\/users\/4"}],"replies":[{"embeddable":true,"href":"https:\/\/www.icscyl.com\/mileon\/wp-json\/wp\/v2\/comments?post=13462"}],"version-history":[{"count":0,"href":"https:\/\/www.icscyl.com\/mileon\/wp-json\/wp\/v2\/posts\/13462\/revisions"}],"wp:attachment":[{"href":"https:\/\/www.icscyl.com\/mileon\/wp-json\/wp\/v2\/media?parent=13462"}],"wp:term":[{"taxonomy":"category","embeddable":true,"href":"https:\/\/www.icscyl.com\/mileon\/wp-json\/wp\/v2\/categories?post=13462"},{"taxonomy":"post_tag","embeddable":true,"href":"https:\/\/www.icscyl.com\/mileon\/wp-json\/wp\/v2\/tags?post=13462"}],"curies":[{"name":"wp","href":"https:\/\/api.w.org\/{rel}","templated":true}]}}