{"id":13447,"date":"2018-12-11T09:40:47","date_gmt":"2018-12-11T08:40:47","guid":{"rendered":"https:\/\/mileon.wordpress.com\/?p=13447"},"modified":"2018-12-11T09:40:47","modified_gmt":"2018-12-11T08:40:47","slug":"sesion-clinica-37-2018-bacteriemia-por-clostridium-perfringes-y-sarcoma-del-estroma-gastrointestinal","status":"publish","type":"post","link":"https:\/\/www.icscyl.com\/mileon\/sesiones-clinicas\/2018-12-11\/sesion-clinica-37-2018-bacteriemia-por-clostridium-perfringes-y-sarcoma-del-estroma-gastrointestinal\/","title":{"rendered":"Sesi\u00f3n cl\u00ednica 37\/2018: Bacteriemia por Clostridium perfringes y sarcoma del estroma gastrointestinal"},"content":{"rendered":"\n<div class=\"wp-block-image\"><figure class=\"alignright is-resized\"><img loading=\"lazy\" decoding=\"async\" src=\"https:\/\/mileon.files.wordpress.com\/2018\/12\/1024px-clostridium_perfringens.jpg\" alt=\"\" class=\"wp-image-13448\" width=\"256\" height=\"170\" \/><\/figure><\/div>\n\n\n<p>El diagn\u00f3stico diferencial fue realizado por la Dra. Egea (R1 de nuestro Servicio) que repas\u00f3 desde el punto de vista cl\u00ednica las diferentes opciones diagn\u00f3sticas, as\u00ed como el manejo y pruebas\u00a0 a solicitar en funci\u00f3n de la sospecha diagn\u00f3stica. El caso correspond\u00eda al Dr. Carro y en su ausencia la Dra. Muinelo coment\u00f3 los resultados de las pruebas diagn\u00f3sticas; fue preciso m\u00e1s de una biopsia para llegar al diagn\u00f3stico de tumor GIST. A continuaci\u00f3n realiz\u00f3 un breve repaso de esta entidad y de la asociaci\u00f3n de Clostridium perfringes con neoplasias digestivas. Su presentaci\u00f3n conjunta se encuentra disponible en este <a href=\"https:\/\/drive.google.com\/open?id=1a_QVYb7EXXXvJjupKxex_fGbzjQWlCu3\">enlace<\/a>.<br \/><\/p>\n","protected":false},"excerpt":{"rendered":"<p>El diagn\u00f3stico diferencial fue realizado por la Dra. Egea (R1 de nuestro Servicio) que repas\u00f3 desde el punto de vista cl\u00ednica las diferentes opciones diagn\u00f3sticas, as\u00ed como el manejo y pruebas\u00a0 a solicitar en funci\u00f3n de la sospecha diagn\u00f3stica. El caso correspond\u00eda al Dr. Carro y en su ausencia la Dra. Muinelo coment\u00f3 los resultados [&hellip;]<\/p>\n","protected":false},"author":4,"featured_media":0,"comment_status":"open","ping_status":"open","sticky":false,"template":"","format":"standard","meta":{"jetpack_post_was_ever_published":false,"_jetpack_newsletter_access":"","_jetpack_dont_email_post_to_subs":false,"_jetpack_newsletter_tier_id":0,"_jetpack_memberships_contains_paywalled_content":false,"_jetpack_memberships_contains_paid_content":false,"footnotes":"","jetpack_publicize_message":"","jetpack_publicize_feature_enabled":true,"jetpack_social_post_already_shared":false,"jetpack_social_options":{"image_generator_settings":{"template":"highway","default_image_id":0,"font":"","enabled":false},"version":2}},"categories":[723],"tags":[947],"class_list":["post-13447","post","type-post","status-publish","format-standard","hentry","category-sesiones-clinicas","tag-muinelo"],"jetpack_publicize_connections":[],"jetpack_featured_media_url":"","jetpack_sharing_enabled":true,"post_mailing_queue_ids":[],"_links":{"self":[{"href":"https:\/\/www.icscyl.com\/mileon\/wp-json\/wp\/v2\/posts\/13447","targetHints":{"allow":["GET"]}}],"collection":[{"href":"https:\/\/www.icscyl.com\/mileon\/wp-json\/wp\/v2\/posts"}],"about":[{"href":"https:\/\/www.icscyl.com\/mileon\/wp-json\/wp\/v2\/types\/post"}],"author":[{"embeddable":true,"href":"https:\/\/www.icscyl.com\/mileon\/wp-json\/wp\/v2\/users\/4"}],"replies":[{"embeddable":true,"href":"https:\/\/www.icscyl.com\/mileon\/wp-json\/wp\/v2\/comments?post=13447"}],"version-history":[{"count":0,"href":"https:\/\/www.icscyl.com\/mileon\/wp-json\/wp\/v2\/posts\/13447\/revisions"}],"wp:attachment":[{"href":"https:\/\/www.icscyl.com\/mileon\/wp-json\/wp\/v2\/media?parent=13447"}],"wp:term":[{"taxonomy":"category","embeddable":true,"href":"https:\/\/www.icscyl.com\/mileon\/wp-json\/wp\/v2\/categories?post=13447"},{"taxonomy":"post_tag","embeddable":true,"href":"https:\/\/www.icscyl.com\/mileon\/wp-json\/wp\/v2\/tags?post=13447"}],"curies":[{"name":"wp","href":"https:\/\/api.w.org\/{rel}","templated":true}]}}