{"id":13408,"date":"2018-11-21T09:00:08","date_gmt":"2018-11-21T08:00:08","guid":{"rendered":"https:\/\/mileon.wordpress.com\/?p=13408"},"modified":"2018-11-21T09:00:08","modified_gmt":"2018-11-21T08:00:08","slug":"sesion-clinica-35-2018-mieloma-multiple","status":"publish","type":"post","link":"https:\/\/www.icscyl.com\/mileon\/sesiones-clinicas\/2018-11-21\/sesion-clinica-35-2018-mieloma-multiple\/","title":{"rendered":"Sesi\u00f3n cl\u00ednica 35\/2018: Mieloma m\u00faltiple"},"content":{"rendered":"\n<div class=\"wp-block-image\"><figure class=\"alignright is-resized\"><img loading=\"lazy\" decoding=\"async\" src=\"https:\/\/mileon.files.wordpress.com\/2018\/10\/solucion.jpg\" alt=\"\" class=\"wp-image-13347\" width=\"200\" height=\"150\" \/><\/figure><\/div>\n\n\n<p>La sesi\u00f3n cl\u00ednica del pasado mi\u00e9rcoles trataba sobre una paciente que ingresaba por un cuadro de dolor abdominal, en la que destacaban alteraciones anal\u00edticas consistentes en fracaso renal agudo y proteinuria en rango nefr\u00f3tico. El diagn\u00f3stico diferencial fue realizado por la Dra. Embuena (R1) y la soluci\u00f3n la aport\u00f3 el Dr. Arto. Tras un estudio de m\u00e9dula \u00f3sea el diagn\u00f3stico fue concluyente con mieloma m\u00faltiple iniciando tratamiento quimioter\u00e1pico. Sin embargo, a los pocos meses del ingreso la paciente falleci\u00f3 en su domicilio.\u00a0Su presentaci\u00f3n conjunta se encuentra disponible en este\u00a0<a href=\"https:\/\/drive.google.com\/open?id=1bMs7bTNBhymstXxvtRS-WicIgsVrlAwD\">enlace.<\/a><\/p>\n\n\n<p><\/p>\n","protected":false},"excerpt":{"rendered":"<p>La sesi\u00f3n cl\u00ednica del pasado mi\u00e9rcoles trataba sobre una paciente que ingresaba por un cuadro de dolor abdominal, en la que destacaban alteraciones anal\u00edticas consistentes en fracaso renal agudo y proteinuria en rango nefr\u00f3tico. El diagn\u00f3stico diferencial fue realizado por la Dra. Embuena (R1) y la soluci\u00f3n la aport\u00f3 el Dr. Arto. Tras un estudio [&hellip;]<\/p>\n","protected":false},"author":4,"featured_media":0,"comment_status":"open","ping_status":"open","sticky":false,"template":"","format":"standard","meta":{"jetpack_post_was_ever_published":false,"_jetpack_newsletter_access":"","_jetpack_dont_email_post_to_subs":false,"_jetpack_newsletter_tier_id":0,"_jetpack_memberships_contains_paywalled_content":false,"_jetpack_memberships_contains_paid_content":false,"footnotes":"","jetpack_publicize_message":"","jetpack_publicize_feature_enabled":true,"jetpack_social_post_already_shared":false,"jetpack_social_options":{"image_generator_settings":{"template":"highway","default_image_id":0,"font":"","enabled":false},"version":2}},"categories":[723],"tags":[756,833],"class_list":["post-13408","post","type-post","status-publish","format-standard","hentry","category-sesiones-clinicas","tag-arto","tag-embuena"],"jetpack_publicize_connections":[],"jetpack_featured_media_url":"","jetpack_sharing_enabled":true,"post_mailing_queue_ids":[],"_links":{"self":[{"href":"https:\/\/www.icscyl.com\/mileon\/wp-json\/wp\/v2\/posts\/13408","targetHints":{"allow":["GET"]}}],"collection":[{"href":"https:\/\/www.icscyl.com\/mileon\/wp-json\/wp\/v2\/posts"}],"about":[{"href":"https:\/\/www.icscyl.com\/mileon\/wp-json\/wp\/v2\/types\/post"}],"author":[{"embeddable":true,"href":"https:\/\/www.icscyl.com\/mileon\/wp-json\/wp\/v2\/users\/4"}],"replies":[{"embeddable":true,"href":"https:\/\/www.icscyl.com\/mileon\/wp-json\/wp\/v2\/comments?post=13408"}],"version-history":[{"count":0,"href":"https:\/\/www.icscyl.com\/mileon\/wp-json\/wp\/v2\/posts\/13408\/revisions"}],"wp:attachment":[{"href":"https:\/\/www.icscyl.com\/mileon\/wp-json\/wp\/v2\/media?parent=13408"}],"wp:term":[{"taxonomy":"category","embeddable":true,"href":"https:\/\/www.icscyl.com\/mileon\/wp-json\/wp\/v2\/categories?post=13408"},{"taxonomy":"post_tag","embeddable":true,"href":"https:\/\/www.icscyl.com\/mileon\/wp-json\/wp\/v2\/tags?post=13408"}],"curies":[{"name":"wp","href":"https:\/\/api.w.org\/{rel}","templated":true}]}}