{"id":13303,"date":"2018-09-16T17:00:51","date_gmt":"2018-09-16T16:00:51","guid":{"rendered":"https:\/\/mileon.wordpress.com\/?p=13303"},"modified":"2018-09-16T17:00:51","modified_gmt":"2018-09-16T16:00:51","slug":"sesion-clinica-27-2018-enfermedad-celiaca-y-o-enteropatia-por-olmesartan","status":"publish","type":"post","link":"https:\/\/www.icscyl.com\/mileon\/sesiones-clinicas\/2018-09-16\/sesion-clinica-27-2018-enfermedad-celiaca-y-o-enteropatia-por-olmesartan\/","title":{"rendered":"Sesi\u00f3n cl\u00ednica 27\/2018: Enfermedad celiaca y\/o enteropat\u00eda por Olmesart\u00e1n"},"content":{"rendered":"<p>La sesi\u00f3n cl\u00ednica de este mi\u00e9rcoles trataba sobre un paciente con episodios de diarrea que hab\u00edan motivado ingresos repetidos. El diagn\u00f3stico diferencial fue realizado por la Dra. Mart\u00ednez (R3) que en su presentaci\u00f3n coment\u00f3 los posibles diagn\u00f3sticos a tener en cuenta. A continuaci\u00f3n la Dra. P\u00e9rez Andrada coment\u00f3 el diagn\u00f3stico y evoluci\u00f3n, siendo etiquetado el paciente de probable enfermedad celiaca y\/o enteropat\u00eda por Olmesart\u00e1n. Tras su disertaci\u00f3n se aportaron diversos comentarios sobre las dificultades que plantea el diagn\u00f3stico de enfermedad celiaca, como otros cuadros de diarrea asociados al uso de Olmesartan. Su presentaci\u00f3n conjunta se encuentra disponible haciendo click <a title=\"Dras Martinez y Andrada sesclin Sep18\" href=\"https:\/\/mileon.files.wordpress.com\/2018\/09\/dras-martinez-y-andrada-sesclin-sep18.pdf\">aqu\u00ed.<\/a> Para completar el tema del Olmesart\u00e1n, os enlazamos con una <a href=\"https:\/\/mileon.wordpress.com\/2015\/04\/19\/sesion-bibliografica-17-de-abril-de-2015\/\">sesi\u00f3n<\/a> de 2015 del Dr. Arto y <a href=\"https:\/\/mileon.wordpress.com\/2016\/12\/07\/sesion-bibliografica-gut-gastroenterology\/\">otra <\/a>de 2016 presentada tambi\u00e9n por el Dr. Arto, en la que se comentaban diversos trabajos al respecto.<\/p>\n","protected":false},"excerpt":{"rendered":"<p>La sesi\u00f3n cl\u00ednica de este mi\u00e9rcoles trataba sobre un paciente con episodios de diarrea que hab\u00edan motivado ingresos repetidos. El diagn\u00f3stico diferencial fue realizado por la Dra. Mart\u00ednez (R3) que en su presentaci\u00f3n coment\u00f3 los posibles diagn\u00f3sticos a tener en cuenta. A continuaci\u00f3n la Dra. P\u00e9rez Andrada coment\u00f3 el diagn\u00f3stico y evoluci\u00f3n, siendo etiquetado el [&hellip;]<\/p>\n","protected":false},"author":4,"featured_media":0,"comment_status":"open","ping_status":"open","sticky":false,"template":"","format":"standard","meta":{"jetpack_post_was_ever_published":false,"_jetpack_newsletter_access":"","_jetpack_dont_email_post_to_subs":false,"_jetpack_newsletter_tier_id":0,"_jetpack_memberships_contains_paywalled_content":false,"_jetpack_memberships_contains_paid_content":false,"footnotes":"","jetpack_publicize_message":"","jetpack_publicize_feature_enabled":true,"jetpack_social_post_already_shared":false,"jetpack_social_options":{"image_generator_settings":{"template":"highway","default_image_id":0,"font":"","enabled":false},"version":2}},"categories":[723],"tags":[],"class_list":["post-13303","post","type-post","status-publish","format-standard","hentry","category-sesiones-clinicas"],"jetpack_publicize_connections":[],"jetpack_featured_media_url":"","jetpack_sharing_enabled":true,"post_mailing_queue_ids":[],"_links":{"self":[{"href":"https:\/\/www.icscyl.com\/mileon\/wp-json\/wp\/v2\/posts\/13303","targetHints":{"allow":["GET"]}}],"collection":[{"href":"https:\/\/www.icscyl.com\/mileon\/wp-json\/wp\/v2\/posts"}],"about":[{"href":"https:\/\/www.icscyl.com\/mileon\/wp-json\/wp\/v2\/types\/post"}],"author":[{"embeddable":true,"href":"https:\/\/www.icscyl.com\/mileon\/wp-json\/wp\/v2\/users\/4"}],"replies":[{"embeddable":true,"href":"https:\/\/www.icscyl.com\/mileon\/wp-json\/wp\/v2\/comments?post=13303"}],"version-history":[{"count":0,"href":"https:\/\/www.icscyl.com\/mileon\/wp-json\/wp\/v2\/posts\/13303\/revisions"}],"wp:attachment":[{"href":"https:\/\/www.icscyl.com\/mileon\/wp-json\/wp\/v2\/media?parent=13303"}],"wp:term":[{"taxonomy":"category","embeddable":true,"href":"https:\/\/www.icscyl.com\/mileon\/wp-json\/wp\/v2\/categories?post=13303"},{"taxonomy":"post_tag","embeddable":true,"href":"https:\/\/www.icscyl.com\/mileon\/wp-json\/wp\/v2\/tags?post=13303"}],"curies":[{"name":"wp","href":"https:\/\/api.w.org\/{rel}","templated":true}]}}