{"id":13298,"date":"2018-09-06T16:21:04","date_gmt":"2018-09-06T15:21:04","guid":{"rendered":"https:\/\/mileon.wordpress.com\/?p=13298"},"modified":"2018-09-06T16:21:04","modified_gmt":"2018-09-06T15:21:04","slug":"sesion-26-2018-linfoma-b-difuso-con-afectacion-gastrointestinal","status":"publish","type":"post","link":"https:\/\/www.icscyl.com\/mileon\/sesiones-clinicas\/2018-09-06\/sesion-26-2018-linfoma-b-difuso-con-afectacion-gastrointestinal\/","title":{"rendered":"Sesi\u00f3n 26\/2018: Linfoma B difuso con afectaci\u00f3n gastrointestinal"},"content":{"rendered":"<p><img loading=\"lazy\" decoding=\"async\" class=\" size-thumbnail wp-image-13151 alignright\" src=\"https:\/\/mileon.files.wordpress.com\/2018\/05\/idea-1019753_960_720.jpg?w=150\" alt=\"idea-1019753_960_720\" width=\"150\" height=\"150\" \/>La sesi\u00f3n cl\u00ednica del pasado mi\u00e9rcoles trataba de un paciente con una masa en colon intervenido previamente con biopsias no concluyentes y que meses despu\u00e9s era ingresado por un cuadro de v\u00f3mitos, en el que destacaba una progresi\u00f3n local pero sin claras met\u00e1stasis a distancia. El diagn\u00f3stico diferencial fue realizado por el Dr. Ferreras (R4) y la soluci\u00f3n la aport\u00f3 el Dr. Nistal. Las nuevas biopsias demostraron un linfoma B difuso, pero su deterioro general impidi\u00f3 el inicio de tratamiento quimioter\u00e1pico. Su presentaci\u00f3n conjunta se encuentra disponible en este\u00a0<a href=\"https:\/\/drive.google.com\/open?id=1TwxVEyXM7REukNZBSwbqgschez81ZEAW\">enlace.<\/a><\/p>\n","protected":false},"excerpt":{"rendered":"<p>La sesi\u00f3n cl\u00ednica del pasado mi\u00e9rcoles trataba de un paciente con una masa en colon intervenido previamente con biopsias no concluyentes y que meses despu\u00e9s era ingresado por un cuadro de v\u00f3mitos, en el que destacaba una progresi\u00f3n local pero sin claras met\u00e1stasis a distancia. El diagn\u00f3stico diferencial fue realizado por el Dr. Ferreras (R4) [&hellip;]<\/p>\n","protected":false},"author":4,"featured_media":0,"comment_status":"open","ping_status":"open","sticky":false,"template":"","format":"standard","meta":{"jetpack_post_was_ever_published":false,"_jetpack_newsletter_access":"","_jetpack_dont_email_post_to_subs":false,"_jetpack_newsletter_tier_id":0,"_jetpack_memberships_contains_paywalled_content":false,"_jetpack_memberships_contains_paid_content":false,"footnotes":"","jetpack_publicize_message":"","jetpack_publicize_feature_enabled":true,"jetpack_social_post_already_shared":false,"jetpack_social_options":{"image_generator_settings":{"template":"highway","default_image_id":0,"font":"","enabled":false},"version":2}},"categories":[723],"tags":[958],"class_list":["post-13298","post","type-post","status-publish","format-standard","hentry","category-sesiones-clinicas","tag-nistal"],"jetpack_publicize_connections":[],"jetpack_featured_media_url":"","jetpack_sharing_enabled":true,"post_mailing_queue_ids":[],"_links":{"self":[{"href":"https:\/\/www.icscyl.com\/mileon\/wp-json\/wp\/v2\/posts\/13298","targetHints":{"allow":["GET"]}}],"collection":[{"href":"https:\/\/www.icscyl.com\/mileon\/wp-json\/wp\/v2\/posts"}],"about":[{"href":"https:\/\/www.icscyl.com\/mileon\/wp-json\/wp\/v2\/types\/post"}],"author":[{"embeddable":true,"href":"https:\/\/www.icscyl.com\/mileon\/wp-json\/wp\/v2\/users\/4"}],"replies":[{"embeddable":true,"href":"https:\/\/www.icscyl.com\/mileon\/wp-json\/wp\/v2\/comments?post=13298"}],"version-history":[{"count":0,"href":"https:\/\/www.icscyl.com\/mileon\/wp-json\/wp\/v2\/posts\/13298\/revisions"}],"wp:attachment":[{"href":"https:\/\/www.icscyl.com\/mileon\/wp-json\/wp\/v2\/media?parent=13298"}],"wp:term":[{"taxonomy":"category","embeddable":true,"href":"https:\/\/www.icscyl.com\/mileon\/wp-json\/wp\/v2\/categories?post=13298"},{"taxonomy":"post_tag","embeddable":true,"href":"https:\/\/www.icscyl.com\/mileon\/wp-json\/wp\/v2\/tags?post=13298"}],"curies":[{"name":"wp","href":"https:\/\/api.w.org\/{rel}","templated":true}]}}