{"id":13288,"date":"2018-08-30T15:54:04","date_gmt":"2018-08-30T14:54:04","guid":{"rendered":"https:\/\/mileon.wordpress.com\/?p=13288"},"modified":"2018-08-30T15:54:04","modified_gmt":"2018-08-30T14:54:04","slug":"sesion-clinica-25-2018-linfoma-de-bajo-grado","status":"publish","type":"post","link":"https:\/\/www.icscyl.com\/mileon\/sesiones-clinicas\/2018-08-30\/sesion-clinica-25-2018-linfoma-de-bajo-grado\/","title":{"rendered":"Sesi\u00f3n cl\u00ednica 25\/2018: linfoma de bajo grado."},"content":{"rendered":"<p><a href=\"https:\/\/mileon.wordpress.com\/2018\/08\/26\/proxima-sesion-clinica-3\/rx-9\/#main\" rel=\"attachment wp-att-13283\"><img loading=\"lazy\" decoding=\"async\" class=\"alignright  wp-image-13283\" src=\"https:\/\/mileon.files.wordpress.com\/2018\/08\/rx.png?w=300\" alt=\"\" width=\"161\" height=\"159\" \/><\/a>Var\u00f3n de 57 a\u00f1os con antecedentes de tabaquismo y TEP por dos veces, una reciente con diagnostico de neumoconiosis y fibrosis retroperitoneal que ingresa por fiebre desde hace un mes que cursa con reactantes de fase aguda elevados.<br \/>\nEl diagn\u00f3stico diferencial lo hizo el Dr. Adri\u00e1n Arg\u00fcelles Curto (R5 MI) partiendo de la fiebre, las trombosis repetidas y causas de fibrosis retroperitoneal. Su presentaci\u00f3n se puede ver en el siguiente <strong><a href=\"https:\/\/drive.google.com\/file\/d\/1yBjxIYeKXn8ENf-MNUJb9SrVGNqP0MFC\/view?usp=sharing\">enlace.<\/a><\/strong><br \/>\nLa soluci\u00f3n la aport\u00f3 la Dra. Isabel Muinelo Voces (adjunta MI). Los resultados de las pruebas realizadas y algunos aspectos sobre la fibrosis retroperitoneal se pueden ver <strong><a href=\"https:\/\/drive.google.com\/file\/d\/1BCghVmIUYHjdLjDj8E5KA1o8ox8i5Fot\/view?usp=sharing\">aqu\u00ed.<\/a><\/strong><br \/>\n&nbsp;<\/p>\n","protected":false},"excerpt":{"rendered":"<p>Var\u00f3n de 57 a\u00f1os con antecedentes de tabaquismo y TEP por dos veces, una reciente con diagnostico de neumoconiosis y fibrosis retroperitoneal que ingresa por fiebre desde hace un mes que cursa con reactantes de fase aguda elevados. El diagn\u00f3stico diferencial lo hizo el Dr. Adri\u00e1n Arg\u00fcelles Curto (R5 MI) partiendo de la fiebre, las [&hellip;]<\/p>\n","protected":false},"author":6,"featured_media":0,"comment_status":"open","ping_status":"open","sticky":false,"template":"","format":"standard","meta":{"jetpack_post_was_ever_published":false,"_jetpack_newsletter_access":"","_jetpack_dont_email_post_to_subs":false,"_jetpack_newsletter_tier_id":0,"_jetpack_memberships_contains_paywalled_content":false,"_jetpack_memberships_contains_paid_content":false,"footnotes":"","jetpack_publicize_message":"","jetpack_publicize_feature_enabled":true,"jetpack_social_post_already_shared":false,"jetpack_social_options":{"image_generator_settings":{"template":"highway","default_image_id":0,"font":"","enabled":false},"version":2}},"categories":[723],"tags":[947],"class_list":["post-13288","post","type-post","status-publish","format-standard","hentry","category-sesiones-clinicas","tag-muinelo"],"jetpack_publicize_connections":[],"jetpack_featured_media_url":"","jetpack_sharing_enabled":true,"post_mailing_queue_ids":[],"_links":{"self":[{"href":"https:\/\/www.icscyl.com\/mileon\/wp-json\/wp\/v2\/posts\/13288","targetHints":{"allow":["GET"]}}],"collection":[{"href":"https:\/\/www.icscyl.com\/mileon\/wp-json\/wp\/v2\/posts"}],"about":[{"href":"https:\/\/www.icscyl.com\/mileon\/wp-json\/wp\/v2\/types\/post"}],"author":[{"embeddable":true,"href":"https:\/\/www.icscyl.com\/mileon\/wp-json\/wp\/v2\/users\/6"}],"replies":[{"embeddable":true,"href":"https:\/\/www.icscyl.com\/mileon\/wp-json\/wp\/v2\/comments?post=13288"}],"version-history":[{"count":0,"href":"https:\/\/www.icscyl.com\/mileon\/wp-json\/wp\/v2\/posts\/13288\/revisions"}],"wp:attachment":[{"href":"https:\/\/www.icscyl.com\/mileon\/wp-json\/wp\/v2\/media?parent=13288"}],"wp:term":[{"taxonomy":"category","embeddable":true,"href":"https:\/\/www.icscyl.com\/mileon\/wp-json\/wp\/v2\/categories?post=13288"},{"taxonomy":"post_tag","embeddable":true,"href":"https:\/\/www.icscyl.com\/mileon\/wp-json\/wp\/v2\/tags?post=13288"}],"curies":[{"name":"wp","href":"https:\/\/api.w.org\/{rel}","templated":true}]}}