{"id":13133,"date":"2018-05-15T20:15:07","date_gmt":"2018-05-15T19:15:07","guid":{"rendered":"https:\/\/mileon.wordpress.com\/?p=13133"},"modified":"2018-05-15T20:15:07","modified_gmt":"2018-05-15T19:15:07","slug":"complicaciones-neurologicas-de-la-quimio-y-radioterapia","status":"publish","type":"post","link":"https:\/\/www.icscyl.com\/mileon\/maitines\/2018-05-15\/complicaciones-neurologicas-de-la-quimio-y-radioterapia\/","title":{"rendered":"Complicaciones neurol\u00f3gicas de la quimio y radioterapia."},"content":{"rendered":"<p style=\"text-align:justify;\">La Dra. Gabriela Rodrigo, residente del S\u00ba de Neurolog\u00eda, hace una revisi\u00f3n sobre este tema en la Sesi\u00f3n de hoy. Se analizan las toxicidades a nivel del Sistema Nervioso <img loading=\"lazy\" decoding=\"async\" class=\" size-full wp-image-13134 alignright\" src=\"https:\/\/mileon.files.wordpress.com\/2018\/05\/imagen12.jpg\" alt=\"Imagen1\" width=\"216\" height=\"240\" \/>Perif\u00e9rico y Central, las diferentes formas de presentaci\u00f3n y los f\u00e1rmacos que con mayor frecuencia aparecen implicados. Se describen las miopat\u00edas, el Dropped Head Syndrome y el PRES. Se destaca la importancia de la v\u00eda de administraci\u00f3n y el \u00abchemo brain\u00bb, deterioro cognitivo leve asociado al tratamiento del c\u00e1ncer.<\/p>\n<p style=\"text-align:justify;\">Para ver la presentaci\u00f3n completa <a href=\"https:\/\/drive.google.com\/file\/d\/1e61A1LBTX7FSdhJ4MlZRIB1tSJYeRYkw\/view?usp=sharing\"><em><strong>pinchar AQU\u00cd<\/strong><\/em><\/a><\/p>\n","protected":false},"excerpt":{"rendered":"<p>La Dra. Gabriela Rodrigo, residente del S\u00ba de Neurolog\u00eda, hace una revisi\u00f3n sobre este tema en la Sesi\u00f3n de hoy. Se analizan las toxicidades a nivel del Sistema Nervioso Perif\u00e9rico y Central, las diferentes formas de presentaci\u00f3n y los f\u00e1rmacos que con mayor frecuencia aparecen implicados. Se describen las miopat\u00edas, el Dropped Head Syndrome y [&hellip;]<\/p>\n","protected":false},"author":5,"featured_media":0,"comment_status":"open","ping_status":"open","sticky":false,"template":"","format":"standard","meta":{"jetpack_post_was_ever_published":false,"_jetpack_newsletter_access":"","_jetpack_dont_email_post_to_subs":false,"_jetpack_newsletter_tier_id":0,"_jetpack_memberships_contains_paywalled_content":false,"_jetpack_memberships_contains_paid_content":false,"footnotes":"","jetpack_publicize_message":"","jetpack_publicize_feature_enabled":true,"jetpack_social_post_already_shared":false,"jetpack_social_options":{"image_generator_settings":{"template":"highway","default_image_id":0,"font":"","enabled":false},"version":2}},"categories":[715],"tags":[1004],"class_list":["post-13133","post","type-post","status-publish","format-standard","hentry","category-maitines","tag-rodrigo"],"jetpack_publicize_connections":[],"jetpack_featured_media_url":"","jetpack_sharing_enabled":true,"post_mailing_queue_ids":[],"_links":{"self":[{"href":"https:\/\/www.icscyl.com\/mileon\/wp-json\/wp\/v2\/posts\/13133","targetHints":{"allow":["GET"]}}],"collection":[{"href":"https:\/\/www.icscyl.com\/mileon\/wp-json\/wp\/v2\/posts"}],"about":[{"href":"https:\/\/www.icscyl.com\/mileon\/wp-json\/wp\/v2\/types\/post"}],"author":[{"embeddable":true,"href":"https:\/\/www.icscyl.com\/mileon\/wp-json\/wp\/v2\/users\/5"}],"replies":[{"embeddable":true,"href":"https:\/\/www.icscyl.com\/mileon\/wp-json\/wp\/v2\/comments?post=13133"}],"version-history":[{"count":0,"href":"https:\/\/www.icscyl.com\/mileon\/wp-json\/wp\/v2\/posts\/13133\/revisions"}],"wp:attachment":[{"href":"https:\/\/www.icscyl.com\/mileon\/wp-json\/wp\/v2\/media?parent=13133"}],"wp:term":[{"taxonomy":"category","embeddable":true,"href":"https:\/\/www.icscyl.com\/mileon\/wp-json\/wp\/v2\/categories?post=13133"},{"taxonomy":"post_tag","embeddable":true,"href":"https:\/\/www.icscyl.com\/mileon\/wp-json\/wp\/v2\/tags?post=13133"}],"curies":[{"name":"wp","href":"https:\/\/api.w.org\/{rel}","templated":true}]}}