{"id":13072,"date":"2018-04-22T19:40:27","date_gmt":"2018-04-22T18:40:27","guid":{"rendered":"https:\/\/mileon.wordpress.com\/?p=13072"},"modified":"2018-04-22T19:40:27","modified_gmt":"2018-04-22T18:40:27","slug":"sesion-clinica-12-2018-esclerosis-lateral-amiotrofica","status":"publish","type":"post","link":"https:\/\/www.icscyl.com\/mileon\/sesiones-clinicas\/2018-04-22\/sesion-clinica-12-2018-esclerosis-lateral-amiotrofica\/","title":{"rendered":"Sesi\u00f3n cl\u00ednica 12\/2018: Esclerosis lateral amiotr\u00f3fica."},"content":{"rendered":"<p><a href=\"https:\/\/mileon.wordpress.com\/2018\/04\/22\/sesion-clinica-12-2018-esclerosis-lateral-amiotrofica\/imagen-381\/#main\" rel=\"attachment wp-att-13073\"><img loading=\"lazy\" decoding=\"async\" class=\"alignright  wp-image-13073\" src=\"https:\/\/mileon.files.wordpress.com\/2018\/04\/imagen.jpeg\" alt=\"\" width=\"134\" height=\"134\" \/><\/a>El caso trata de un var\u00f3n de 79 a\u00f1os que consulta por\u00a0debilidad desde hace 9 meses, de inicio por brazo dcho y de predominio distal para extenderse al contralateral y ambas extremidades inferiores junto atrofia muscular. Entre sus antecedentes encontramos una hipertensi\u00f3n, episodio hace a\u00f1os de TSV y un prostatismo.<br \/>\nEl diagnostico diferencial lo realiz\u00f3 la Dra. Patricia Hontoria Juez (R1 MI) partiendo de la debilidad muscular, se puede descargar es este <strong><a href=\"https:\/\/drive.google.com\/file\/d\/1jJHH3CwM8ulqvTMAxQIOlm17qcFU05Yy\/view?usp=sharing\">enlace.<\/a><\/strong><br \/>\nLa soluci\u00f3n la aport\u00f3 el Dr. Antonio Arce Mainzhausen (adjunto MI). El estudio electromiogr\u00e1fico fue concluyente con la sospecha diagn\u00f3stica. Se hizo una resonancia craneal y de columna vertebral sin hallazgos relevantes y se instaur\u00f3 tratamiento por parte de Neurolog\u00eda.<\/p>\n","protected":false},"excerpt":{"rendered":"<p>El caso trata de un var\u00f3n de 79 a\u00f1os que consulta por\u00a0debilidad desde hace 9 meses, de inicio por brazo dcho y de predominio distal para extenderse al contralateral y ambas extremidades inferiores junto atrofia muscular. Entre sus antecedentes encontramos una hipertensi\u00f3n, episodio hace a\u00f1os de TSV y un prostatismo. El diagnostico diferencial lo realiz\u00f3 [&hellip;]<\/p>\n","protected":false},"author":6,"featured_media":0,"comment_status":"open","ping_status":"open","sticky":false,"template":"","format":"standard","meta":{"jetpack_post_was_ever_published":false,"_jetpack_newsletter_access":"","_jetpack_dont_email_post_to_subs":false,"_jetpack_newsletter_tier_id":0,"_jetpack_memberships_contains_paywalled_content":false,"_jetpack_memberships_contains_paid_content":false,"footnotes":"","jetpack_publicize_message":"","jetpack_publicize_feature_enabled":true,"jetpack_social_post_already_shared":false,"jetpack_social_options":{"image_generator_settings":{"template":"highway","default_image_id":0,"font":"","enabled":false},"version":2}},"categories":[723],"tags":[],"class_list":["post-13072","post","type-post","status-publish","format-standard","hentry","category-sesiones-clinicas"],"jetpack_publicize_connections":[],"jetpack_featured_media_url":"","jetpack_sharing_enabled":true,"post_mailing_queue_ids":[],"_links":{"self":[{"href":"https:\/\/www.icscyl.com\/mileon\/wp-json\/wp\/v2\/posts\/13072","targetHints":{"allow":["GET"]}}],"collection":[{"href":"https:\/\/www.icscyl.com\/mileon\/wp-json\/wp\/v2\/posts"}],"about":[{"href":"https:\/\/www.icscyl.com\/mileon\/wp-json\/wp\/v2\/types\/post"}],"author":[{"embeddable":true,"href":"https:\/\/www.icscyl.com\/mileon\/wp-json\/wp\/v2\/users\/6"}],"replies":[{"embeddable":true,"href":"https:\/\/www.icscyl.com\/mileon\/wp-json\/wp\/v2\/comments?post=13072"}],"version-history":[{"count":0,"href":"https:\/\/www.icscyl.com\/mileon\/wp-json\/wp\/v2\/posts\/13072\/revisions"}],"wp:attachment":[{"href":"https:\/\/www.icscyl.com\/mileon\/wp-json\/wp\/v2\/media?parent=13072"}],"wp:term":[{"taxonomy":"category","embeddable":true,"href":"https:\/\/www.icscyl.com\/mileon\/wp-json\/wp\/v2\/categories?post=13072"},{"taxonomy":"post_tag","embeddable":true,"href":"https:\/\/www.icscyl.com\/mileon\/wp-json\/wp\/v2\/tags?post=13072"}],"curies":[{"name":"wp","href":"https:\/\/api.w.org\/{rel}","templated":true}]}}